{"id":9155,"date":"2020-06-30T03:19:30","date_gmt":"2020-06-30T06:19:30","guid":{"rendered":"https:\/\/hostnetart.com.br\/baixada\/sociedade-civil-lanca-campanha-em-defesa-da-vida-e-da-democracia\/"},"modified":"2020-06-30T03:19:30","modified_gmt":"2020-06-30T06:19:30","slug":"sociedade-civil-lanca-campanha-em-defesa-da-vida-e-da-democracia","status":"publish","type":"post","link":"https:\/\/hostnetart.com.br\/baixada\/sociedade-civil-lanca-campanha-em-defesa-da-vida-e-da-democracia\/","title":{"rendered":"Sociedade civil lan\u00e7a campanha em defesa da vida e da democracia"},"content":{"rendered":"<p>Mais de 70 organiza\u00e7\u00f5es, centrais sindicais e movimentos sociais do pa\u00eds lan\u00e7am, nesta segunda-feira (29), pelas redes sociais, a\u00a0<a href=\"https:\/\/www.brasilpelademocracia.org.br\/\" target=\"_blank\" rel=\"noopener noreferrer\">Campanha #BrasilPelaDemocracia #BrasilPelaVida<\/a>. A a\u00e7\u00e3o tem como prop\u00f3sito unir e mobilizar todos os cidad\u00e3os e cidad\u00e3s em defesa da vida, da paz e da preserva\u00e7\u00e3o do Estado Democr\u00e1tico de Direito e suas institui\u00e7\u00f5es.<\/p>\n<p>De acordo com o site da campanha, o movimento surge num momento hist\u00f3rico, no qual a sociedade civil brasileira recebe ataques constantes e tem a democracia e a pr\u00f3pria vida amea\u00e7adas por conta da descoordena\u00e7\u00e3o do Governo Federal, que enfraquece a capacidade da sociedade brasileira de enfrentar a pandemia da Covid-19.<\/p>\n<p>\u201cA crise de sa\u00fade p\u00fablica que vivemos \u00e9 ainda agravada pela incapacidade de respostas consistentes e urgentes diante da insustent\u00e1vel realidade de pobreza, desigualdades e iniquidades, assim como pela recusa frequente de levar em considera\u00e7\u00e3o as orienta\u00e7\u00f5es cient\u00edficas, m\u00e9dicas e de profissionais e organiza\u00e7\u00f5es de sa\u00fade\u201d, segundo os organizadores da campanha.<\/p>\n<p>Fazem parte desta iniciativa a Ordem dos Advogados do Brasil (OAB), Associa\u00e7\u00e3o Brasileira de Imprensa (ABI), Sociedade Brasileira pelo Progresso da Ci\u00eancia (SBPC), Comiss\u00e3o Arns, centrais sindicais, movimentos sociais, articula\u00e7\u00f5es pr\u00f3-democracia e organiza\u00e7\u00f5es n\u00e3o-governamentais.<\/p>\n<p>O lan\u00e7amento, que acontece hoje pelas redes sociais, conta com a participa\u00e7\u00e3o das entidades e personalidades. Al\u00e9m disso, tamb\u00e9m ser\u00e3o realizadas proje\u00e7\u00f5es em pontos ic\u00f4nicos de algumas capitais.\u00a0<\/p>\n<h3><strong>Festival Virada da Democracia<\/strong><\/h3>\n<p>A campanha j\u00e1 organiza a sua primeira atividade ap\u00f3s o lan\u00e7amento, a Virada da Democracia. O evento est\u00e1 programado para os dias 4 e 5 de julho e contar\u00e1 com palestras, a\u00e7\u00f5es culturais e manifesta\u00e7\u00f5es virtuais.<\/p>\n<p><strong>Fonte: Contraf-CUT<\/strong><\/p>\n","protected":false},"excerpt":{"rendered":"<p>Mais de 70 organiza\u00e7\u00f5es, centrais sindicais e movimentos sociais do pa\u00eds lan\u00e7am, nesta segunda-feira (29), pelas redes sociais, a\u00a0Campanha #BrasilPelaDemocracia #BrasilPelaVida. A a\u00e7\u00e3o tem como prop\u00f3sito unir e mobilizar todos os cidad\u00e3os e cidad\u00e3s em defesa da vida, da paz e da preserva\u00e7\u00e3o do Estado Democr\u00e1tico de Direito e suas institui\u00e7\u00f5es. De acordo com o [&hellip;]<\/p>\n","protected":false},"author":2,"featured_media":9154,"comment_status":"","ping_status":"","sticky":false,"template":"","format":"standard","meta":{"footnotes":""},"categories":[3],"tags":[],"class_list":["post-9155","post","type-post","status-publish","format-standard","has-post-thumbnail","hentry","category-noticias"],"_links":{"self":[{"href":"https:\/\/hostnetart.com.br\/baixada\/wp-json\/wp\/v2\/posts\/9155","targetHints":{"allow":["GET"]}}],"collection":[{"href":"https:\/\/hostnetart.com.br\/baixada\/wp-json\/wp\/v2\/posts"}],"about":[{"href":"https:\/\/hostnetart.com.br\/baixada\/wp-json\/wp\/v2\/types\/post"}],"author":[{"embeddable":true,"href":"https:\/\/hostnetart.com.br\/baixada\/wp-json\/wp\/v2\/users\/2"}],"replies":[{"embeddable":true,"href":"https:\/\/hostnetart.com.br\/baixada\/wp-json\/wp\/v2\/comments?post=9155"}],"version-history":[{"count":0,"href":"https:\/\/hostnetart.com.br\/baixada\/wp-json\/wp\/v2\/posts\/9155\/revisions"}],"wp:featuredmedia":[{"embeddable":true,"href":"https:\/\/hostnetart.com.br\/baixada\/wp-json\/wp\/v2\/media\/9154"}],"wp:attachment":[{"href":"https:\/\/hostnetart.com.br\/baixada\/wp-json\/wp\/v2\/media?parent=9155"}],"wp:term":[{"taxonomy":"category","embeddable":true,"href":"https:\/\/hostnetart.com.br\/baixada\/wp-json\/wp\/v2\/categories?post=9155"},{"taxonomy":"post_tag","embeddable":true,"href":"https:\/\/hostnetart.com.br\/baixada\/wp-json\/wp\/v2\/tags?post=9155"}],"curies":[{"name":"wp","href":"https:\/\/api.w.org\/{rel}","templated":true}]}}