{"id":9153,"date":"2020-06-30T03:18:01","date_gmt":"2020-06-30T06:18:01","guid":{"rendered":"https:\/\/hostnetart.com.br\/baixada\/uso-de-mascara-no-local-de-trabalho-e-parte-do-protocolo-de-seguranca-da-caixa\/"},"modified":"2020-06-30T03:18:01","modified_gmt":"2020-06-30T06:18:01","slug":"uso-de-mascara-no-local-de-trabalho-e-parte-do-protocolo-de-seguranca-da-caixa","status":"publish","type":"post","link":"https:\/\/hostnetart.com.br\/baixada\/uso-de-mascara-no-local-de-trabalho-e-parte-do-protocolo-de-seguranca-da-caixa\/","title":{"rendered":"Uso de m\u00e1scara no local de trabalho \u00e9 parte do protocolo de seguran\u00e7a da Caixa"},"content":{"rendered":"<p>O Brasil tem 57.774 mortes por coronav\u00edrus e 1.352.708 casos confirmados confirmadas at\u00e9 as 13 horas desta segunda-feira (29), de acordo com um levantamento feito pelo cons\u00f3rcio de ve\u00edculos de imprensa a partir de dados das secretarias estaduais de Sa\u00fade.<\/p>\n<p>Com esses n\u00fameros alarmantes, fica ainda mais claro que os Equipamentos de Prote\u00e7\u00e3o Individual (EPI) s\u00e3o sabidamente essenciais para garantir a seguran\u00e7a daqueles que precisam sair de casa durante a pandemia do novo coronav\u00edrus. No ambiente de trabalho, o uso de m\u00e1scara e \u00e1lcool 70% se tornaram fundamentais, conforme orienta\u00e7\u00e3o da Organiza\u00e7\u00e3o Mundial da Sa\u00fade (OMS).<\/p>\n<p>O confinamento de pessoas em ambientes fechados, sem restri\u00e7\u00f5es de barreira entre as esta\u00e7\u00f5es de trabalho, bem como o uso coletivo de elevadores e outros ambientes, ampliam consideravelmente o risco de contamina\u00e7\u00e3o, mesmo os casos assintom\u00e1ticos. Assim, nos locais de trabalho do banc\u00e1rio, onde circulam muitas pessoas diariamente, o n\u00e3o uso exp\u00f5e todos ao risco de contamina\u00e7\u00e3o.<\/p>\n<p>Durante as negocia\u00e7\u00f5es, logo no in\u00edcio da pandemia, os representantes dos banc\u00e1rios cobraram e os bancos concordaram em disponibilizar os equipamentos necess\u00e1rios para todos os funcion\u00e1rios, independente da categoria. Essa \u00e9 uma das medidas que comp\u00f5em o protocolo de seguran\u00e7a firmado entre o Comando Nacional dos Banc\u00e1rios e a Federa\u00e7\u00e3o Nacional dos Bancos (Fenaban).<\/p>\n<p>\u201cSomos a favor da manuten\u00e7\u00e3o do isolamento social enquanto perdurar a pandemia, inclusive j\u00e1 solicitamos para a Caixa a prorroga\u00e7\u00e3o do Projeto Piloto. E j\u00e1 pedimos para a GERET que reforce internamente o uso de m\u00e1scaras pelos empregados, bem como todo o protocolo sanit\u00e1rio. Isso \u00e9 prote\u00e7\u00e3o pra todos que est\u00e3o no trabalho presencial. Como ainda n\u00e3o foi disponibilizado o direito de testagem, n\u00e3o \u00e9 poss\u00edvel saber quem est\u00e1 com o v\u00edrus e j\u00e1 \u00e9 sabido que mesmo pessoas assintom\u00e1ticas podem transmitir o coronav\u00edrus\u201d, ressaltou Fabiana Uehara Proscholdt, secret\u00e1ria da Cultura e representante da Confedera\u00e7\u00e3o Nacional dos Trabalhadores do Ramo Financeiro (Contraf-CUT) nas negocia\u00e7\u00f5es com o banco. \u201cO descumprimento do protocolo de seguran\u00e7a por parte da Caixa deve ser denunciado ao seu sindicato.\u201d<\/p>\n<p><strong>Fonte: Contraf-CUT<\/strong><\/p>\n","protected":false},"excerpt":{"rendered":"<p>O Brasil tem 57.774 mortes por coronav\u00edrus e 1.352.708 casos confirmados confirmadas at\u00e9 as 13 horas desta segunda-feira (29), de acordo com um levantamento feito pelo cons\u00f3rcio de ve\u00edculos de imprensa a partir de dados das secretarias estaduais de Sa\u00fade. Com esses n\u00fameros alarmantes, fica ainda mais claro que os Equipamentos de Prote\u00e7\u00e3o Individual (EPI) [&hellip;]<\/p>\n","protected":false},"author":2,"featured_media":9152,"comment_status":"","ping_status":"","sticky":false,"template":"","format":"standard","meta":{"footnotes":""},"categories":[3],"tags":[],"class_list":["post-9153","post","type-post","status-publish","format-standard","has-post-thumbnail","hentry","category-noticias"],"_links":{"self":[{"href":"https:\/\/hostnetart.com.br\/baixada\/wp-json\/wp\/v2\/posts\/9153","targetHints":{"allow":["GET"]}}],"collection":[{"href":"https:\/\/hostnetart.com.br\/baixada\/wp-json\/wp\/v2\/posts"}],"about":[{"href":"https:\/\/hostnetart.com.br\/baixada\/wp-json\/wp\/v2\/types\/post"}],"author":[{"embeddable":true,"href":"https:\/\/hostnetart.com.br\/baixada\/wp-json\/wp\/v2\/users\/2"}],"replies":[{"embeddable":true,"href":"https:\/\/hostnetart.com.br\/baixada\/wp-json\/wp\/v2\/comments?post=9153"}],"version-history":[{"count":0,"href":"https:\/\/hostnetart.com.br\/baixada\/wp-json\/wp\/v2\/posts\/9153\/revisions"}],"wp:featuredmedia":[{"embeddable":true,"href":"https:\/\/hostnetart.com.br\/baixada\/wp-json\/wp\/v2\/media\/9152"}],"wp:attachment":[{"href":"https:\/\/hostnetart.com.br\/baixada\/wp-json\/wp\/v2\/media?parent=9153"}],"wp:term":[{"taxonomy":"category","embeddable":true,"href":"https:\/\/hostnetart.com.br\/baixada\/wp-json\/wp\/v2\/categories?post=9153"},{"taxonomy":"post_tag","embeddable":true,"href":"https:\/\/hostnetart.com.br\/baixada\/wp-json\/wp\/v2\/tags?post=9153"}],"curies":[{"name":"wp","href":"https:\/\/api.w.org\/{rel}","templated":true}]}}