{"id":9151,"date":"2020-06-30T03:17:01","date_gmt":"2020-06-30T06:17:01","guid":{"rendered":"https:\/\/hostnetart.com.br\/baixada\/live-da-contraf-cut-vai-debater-os-congressos-dos-bancos-publicos\/"},"modified":"2020-06-30T03:17:01","modified_gmt":"2020-06-30T06:17:01","slug":"live-da-contraf-cut-vai-debater-os-congressos-dos-bancos-publicos","status":"publish","type":"post","link":"https:\/\/hostnetart.com.br\/baixada\/live-da-contraf-cut-vai-debater-os-congressos-dos-bancos-publicos\/","title":{"rendered":"Live da Contraf-CUT vai debater os congressos dos bancos p\u00fablicos"},"content":{"rendered":"<p>A live da Confedera\u00e7\u00e3o Nacional dos Trabalhadores do Ramo Financeiro (Contraf-CUT) desta quarta-feira (1) vai abordar os congressos dos bancos p\u00fablicos e a campanha em defesa dos trabalhadores do Santander no Brasil.<\/p>\n<p>A novidade desta semana \u00e9 a volta para o hor\u00e1rio inicial, \u00e0s 18 horas. \u201cA mudan\u00e7a foi para anteder o anseio dos banc\u00e1rios, que est\u00e3o em seu hor\u00e1rio de trabalho e n\u00e3o conseguem participar da transmiss\u00e3o ao vivo, enviando perguntas\u201d, explicou Gerson Carlos Pereira, secret\u00e1rio de Comunica\u00e7\u00e3o da Contraf-CUT.<\/p>\n<p>Para falar sobre o 36\u00ba Congresso Nacional dos Empregados da Caixa Econ\u00f4mica Federal (Conecef), que ser\u00e1 realizado nos dias 10 e 11 de julho virtualmente, o convidado \u00e9 o coordenador da Comiss\u00e3o Executiva dos Empregados da Caixa (CEE\/ Caixa) Dion\u00edsio Reis.<\/p>\n<p>J\u00e1 para explicar como ser\u00e1 o 31\u00ba Congresso Nacional dos Funcion\u00e1rios do Banco do Brasil, que acontece nos dias 10 e 12 de julho, foi convidado o coordenador da Comiss\u00e3o de Empresa dos Funcion\u00e1rios do Banco do Brasil, Jo\u00e3o Fukunaga.<\/p>\n<p>A campanha do movimento sindical contra as demiss\u00f5es que o Santander Brasil est\u00e1 promovendo em plena pandemia de Covid-19 e pedindo que as demiss\u00f5es sejam revistas tamb\u00e9m ser\u00e1 um dos temas da Live da Contraf-CUT. O secret\u00e1rio de Assuntos Socioecon\u00f4micos e representante da Contraf-CUT nas negocia\u00e7\u00f5es com o Santander, Mario Raia, vai revelar os segredos do sucesso da campanha.<\/p>\n<p>Lembre-se, a oitiva transmiss\u00e3o ao vivo da Contraf-CUT, com a presidenta da Confedera\u00e7\u00e3o e uma das coordenadoras do Comando Nacional dos Banc\u00e1rios, Juvandia Moreira, acontece na pr\u00f3xima quarta-feira (1), \u00e0s 18 horas, com media\u00e7\u00e3o do jornalista Rodrigo Zevzikovas.<\/p>\n<p><strong>Fonte: Contraf-CUT<\/strong><\/p>\n","protected":false},"excerpt":{"rendered":"<p>A live da Confedera\u00e7\u00e3o Nacional dos Trabalhadores do Ramo Financeiro (Contraf-CUT) desta quarta-feira (1) vai abordar os congressos dos bancos p\u00fablicos e a campanha em defesa dos trabalhadores do Santander no Brasil. A novidade desta semana \u00e9 a volta para o hor\u00e1rio inicial, \u00e0s 18 horas. \u201cA mudan\u00e7a foi para anteder o anseio dos banc\u00e1rios, [&hellip;]<\/p>\n","protected":false},"author":2,"featured_media":9150,"comment_status":"","ping_status":"","sticky":false,"template":"","format":"standard","meta":{"footnotes":""},"categories":[3],"tags":[],"class_list":["post-9151","post","type-post","status-publish","format-standard","has-post-thumbnail","hentry","category-noticias"],"_links":{"self":[{"href":"https:\/\/hostnetart.com.br\/baixada\/wp-json\/wp\/v2\/posts\/9151","targetHints":{"allow":["GET"]}}],"collection":[{"href":"https:\/\/hostnetart.com.br\/baixada\/wp-json\/wp\/v2\/posts"}],"about":[{"href":"https:\/\/hostnetart.com.br\/baixada\/wp-json\/wp\/v2\/types\/post"}],"author":[{"embeddable":true,"href":"https:\/\/hostnetart.com.br\/baixada\/wp-json\/wp\/v2\/users\/2"}],"replies":[{"embeddable":true,"href":"https:\/\/hostnetart.com.br\/baixada\/wp-json\/wp\/v2\/comments?post=9151"}],"version-history":[{"count":0,"href":"https:\/\/hostnetart.com.br\/baixada\/wp-json\/wp\/v2\/posts\/9151\/revisions"}],"wp:featuredmedia":[{"embeddable":true,"href":"https:\/\/hostnetart.com.br\/baixada\/wp-json\/wp\/v2\/media\/9150"}],"wp:attachment":[{"href":"https:\/\/hostnetart.com.br\/baixada\/wp-json\/wp\/v2\/media?parent=9151"}],"wp:term":[{"taxonomy":"category","embeddable":true,"href":"https:\/\/hostnetart.com.br\/baixada\/wp-json\/wp\/v2\/categories?post=9151"},{"taxonomy":"post_tag","embeddable":true,"href":"https:\/\/hostnetart.com.br\/baixada\/wp-json\/wp\/v2\/tags?post=9151"}],"curies":[{"name":"wp","href":"https:\/\/api.w.org\/{rel}","templated":true}]}}