{"id":9147,"date":"2020-06-29T21:36:14","date_gmt":"2020-06-30T00:36:14","guid":{"rendered":"https:\/\/hostnetart.com.br\/baixada\/assembleia-virtual-banco-do-brasil\/"},"modified":"2020-06-29T21:36:14","modified_gmt":"2020-06-30T00:36:14","slug":"assembleia-virtual-banco-do-brasil","status":"publish","type":"post","link":"https:\/\/hostnetart.com.br\/baixada\/assembleia-virtual-banco-do-brasil\/","title":{"rendered":"ASSEMBLEIA VIRTUAL &#8211; Banco do Brasil"},"content":{"rendered":"<p>Banc\u00e1rias e banc\u00e1rios do Banco do Brasil poder\u00e3o participar da assembleia que o Sindicato dos Banc\u00e1rios da Baixada Fluminense e os demais sindicatos em todo o pa\u00eds realizar\u00e3o, e que ser\u00e1 feita de forma virtual.\u00a0<\/p>\n<p>A assembleia ocorrer\u00e1 nos dias 1\u00ba e 2 de julho, e servir\u00e1 para que os funcion\u00e1rios do Banco do Brasil deliberem sobre o Acordo Coletivo de Trabalho Emergencial (Pandemia Covid-19), que trata sobre acertos\u00a0<a href=\"https:\/\/contrafcut.com.br\/noticias\/contraf-cut-orienta-trabalhadores-do-banco-do-brasil-a-aprovarem-proposta\/\">firmados em mesa de negocia\u00e7\u00f5es<\/a>\u00a0entre o Comando Nacional dos Banc\u00e1rios, a Comiss\u00e3o de Empresa dos Funcion\u00e1rios do Banco do Brasil (CEBB) e o banco.<\/p>\n<p>Em decorr\u00eancia da pandemia causada pelo novo coronav\u00edrus, as assembleias ser\u00e3o realizadas por meio eletr\u00f4nico. Os funcion\u00e1rios que fazem parte da base dos sindicatos que aderiram ao sistema de vota\u00e7\u00e3o disponibilizado pela Confedera\u00e7\u00e3o Nacional dos Trabalhadores do Ramo Financeiro (Contraf-CUT) dever\u00e3o votar pelo link\u00a0<a href=\"https:\/\/bancarios.votabem.com.br\/\" target=\"_blank\" rel=\"noopener noreferrer\">https:\/\/bancarios.votabem.com.br\/<\/a>.<\/p>\n<p>Basta acessar, digitar a matr\u00edcula funcional (apenas n\u00fameros) sem o digito e seguir as orienta\u00e7\u00f5es dadas pelo sistema.<\/p>\n<h3>Comando indica aprova\u00e7\u00e3o<\/h3>\n<p>O Comando Nacional dos Banc\u00e1rios e a Comiss\u00e3o de Empresa dos Funcion\u00e1rios do Banco do Brasil (CEBB) orientam a aprova\u00e7\u00e3o do acordo, que, entre outras coisas, prev\u00ea o desconto de 10% do total de horas negativas, o compromisso assumido pelo banco de n\u00e3o descomissionamento por desempenho at\u00e9 o final da pandemia, manuten\u00e7\u00e3o de um per\u00edodo m\u00ednimo de 15 dias de f\u00e9rias, impossibilitando que o banco zerasse as f\u00e9rias dos trabalhadores. Al\u00e9m disso, para os funcion\u00e1rios que se encontravam em situa\u00e7\u00e3o diferente de for\u00e7a de trabalho real e receberam comunicado de f\u00e9rias em 6\/4 e 27\/4, os dias 7, 8, 9, 28 e 29 de abril ser\u00e3o classificados com o c\u00f3digo 478 (outros abonos).<\/p>\n<p>Ao acessar o sistema de vota\u00e7\u00e3o, o funcion\u00e1rio ter\u00e1 acesso \u00e0 \u00edntegra do acordo e a um v\u00eddeo com a explica\u00e7\u00e3o do mesmo.<\/p>\n<p>\u00a0<\/p>\n","protected":false},"excerpt":{"rendered":"<p>Banc\u00e1rias e banc\u00e1rios do Banco do Brasil poder\u00e3o participar da assembleia que o Sindicato dos Banc\u00e1rios da Baixada Fluminense e os demais sindicatos em todo o pa\u00eds realizar\u00e3o, e que ser\u00e1 feita de forma virtual.\u00a0 A assembleia ocorrer\u00e1 nos dias 1\u00ba e 2 de julho, e servir\u00e1 para que os funcion\u00e1rios do Banco do Brasil [&hellip;]<\/p>\n","protected":false},"author":2,"featured_media":9146,"comment_status":"","ping_status":"","sticky":false,"template":"","format":"standard","meta":{"footnotes":""},"categories":[8],"tags":[],"class_list":["post-9147","post","type-post","status-publish","format-standard","has-post-thumbnail","hentry","category-bancarios"],"_links":{"self":[{"href":"https:\/\/hostnetart.com.br\/baixada\/wp-json\/wp\/v2\/posts\/9147","targetHints":{"allow":["GET"]}}],"collection":[{"href":"https:\/\/hostnetart.com.br\/baixada\/wp-json\/wp\/v2\/posts"}],"about":[{"href":"https:\/\/hostnetart.com.br\/baixada\/wp-json\/wp\/v2\/types\/post"}],"author":[{"embeddable":true,"href":"https:\/\/hostnetart.com.br\/baixada\/wp-json\/wp\/v2\/users\/2"}],"replies":[{"embeddable":true,"href":"https:\/\/hostnetart.com.br\/baixada\/wp-json\/wp\/v2\/comments?post=9147"}],"version-history":[{"count":0,"href":"https:\/\/hostnetart.com.br\/baixada\/wp-json\/wp\/v2\/posts\/9147\/revisions"}],"wp:featuredmedia":[{"embeddable":true,"href":"https:\/\/hostnetart.com.br\/baixada\/wp-json\/wp\/v2\/media\/9146"}],"wp:attachment":[{"href":"https:\/\/hostnetart.com.br\/baixada\/wp-json\/wp\/v2\/media?parent=9147"}],"wp:term":[{"taxonomy":"category","embeddable":true,"href":"https:\/\/hostnetart.com.br\/baixada\/wp-json\/wp\/v2\/categories?post=9147"},{"taxonomy":"post_tag","embeddable":true,"href":"https:\/\/hostnetart.com.br\/baixada\/wp-json\/wp\/v2\/tags?post=9147"}],"curies":[{"name":"wp","href":"https:\/\/api.w.org\/{rel}","templated":true}]}}