{"id":9144,"date":"2020-06-26T19:00:45","date_gmt":"2020-06-26T22:00:45","guid":{"rendered":"https:\/\/hostnetart.com.br\/baixada\/36-conecef-sera-virtual-nos-dias-10-e-11-de-julho\/"},"modified":"2020-06-26T19:00:45","modified_gmt":"2020-06-26T22:00:45","slug":"36-conecef-sera-virtual-nos-dias-10-e-11-de-julho","status":"publish","type":"post","link":"https:\/\/hostnetart.com.br\/baixada\/36-conecef-sera-virtual-nos-dias-10-e-11-de-julho\/","title":{"rendered":"36\u00ba Conecef ser\u00e1 virtual nos dias 10 e 11 de julho"},"content":{"rendered":"<p>O 36\u00ba Congresso Nacional dos Empregados da Caixa Econ\u00f4mica Federal (Conecef) ser\u00e1 realizado nos dias 10 e 11 de julho virtualmente. Cerca de 280 delegadas e delegados definir\u00e3o as estrat\u00e9gias de luta e a pauta de reivindica\u00e7\u00f5es espec\u00edfica do banco p\u00fablico para a Campanha Nacional 2020.<\/p>\n<p>Clique\u00a0<a href=\"https:\/\/we.tl\/t-WMuZr0o5TY\" target=\"_blank\" rel=\"noopener noreferrer\">aqui e baixe o logo do 36\u00ba Conecef<\/a><\/p>\n<p>Tr\u00eas temas principais balizaram o 36\u00ba Conecef: defesa da vida, sa\u00fade e direitos. \u201cO Conecef \u00e9 uma constru\u00e7\u00e3o hist\u00f3rica dos empregados da Caixa. E este acontecer\u00e1 num momento que nunca vivenciamos antes que \u00e9 o de pandemia, inclusive num novo cen\u00e1rio que \u00e9 o virtual. Mas a luta se d\u00e1 em todos os meios\u201d, afirmou Fabiana Uehara Proscholdt, secret\u00e1ria da Cultura e representante da Contraf-CUT nas negocia\u00e7\u00f5es com a Caixa<\/p>\n<p>\u201c\u00c9 muito importante a mobiliza\u00e7\u00e3o dos empregados na defini\u00e7\u00e3o de nossas prioridades e na constru\u00e7\u00e3o da nossa estrat\u00e9gia de luta em defesa da Caixa 100% P\u00fablica, dos nossos direitos e empregos. Enfrentamos uma conjuntura adversa, de ataques, tanto em rela\u00e7\u00e3o ao governo federal quanto da dire\u00e7\u00e3o do banco. Portanto, \u00e9 muito importante que estejamos mobilizados, unidos e organizados. S\u00f3 a luta nos garante\u201d, enfatiza o coordenador da Comiss\u00e3o Executiva dos Empregados da Caixa (CEE\/Caixa), Dion\u00edsio Reis.<\/p>\n<p>O calend\u00e1rio, crit\u00e9rios de participa\u00e7\u00e3o e tem\u00e1rio do Congresso j\u00e1 est\u00e3o definidos e foram repassados \u00e0s entidades sindicais: 4 de julho \u00e9 a data limite para realiza\u00e7\u00e3o dos f\u00f3runs ou encontros estaduais\/regionais; o prazo para inscri\u00e7\u00e3o das delega\u00e7\u00f5es ser\u00e1 encerrado em 5 de julho e o link para as inscri\u00e7\u00f5es ser\u00e1 disponibilizado oportunamente.<\/p>\n<p>Tamb\u00e9m ser\u00e1 divulgado, posteriormente, comunicado com as instru\u00e7\u00f5es de acesso ao sistema do 36\u00ba Conecef. As entidades sindicais s\u00e3o orientadas a respeitar a cota de g\u00eanero de 50%, sendo seu cumprimento obrigat\u00f3rio e sujeito a cortes nas delega\u00e7\u00f5es at\u00e9 a propor\u00e7\u00e3o indicada.<\/p>\n<p>O secret\u00e1rio de Finan\u00e7as da Confedera\u00e7\u00e3o nacional dos Trabalhadores do Ramo Financeiro (Contraf-CUT) e presidente da Federa\u00e7\u00e3o Nacional das Associa\u00e7\u00f5es do Pessoal da Caixa Econ\u00f4mica Federal (Fenae), Sergio Takemoto, convoca os empregados da Caixa para participarem dos debates que ir\u00e3o construir a pauta de reivindica\u00e7\u00f5es da categoria. \u201cO Congresso vai definir uma s\u00e9rie de a\u00e7\u00f5es para o momento que estamos atravessando. \u00c9 fundamental que os empregados fiquem atentos as resolu\u00e7\u00f5es que ser\u00e3o definidas neste Conecef, porque essas delibera\u00e7\u00f5es ir\u00e3o pautar a nossa luta por melhores condi\u00e7\u00f5es de trabalho e principalmente em defesa da Caixa. N\u00e3o podemos permitir que o banco continue sendo atacado\u201d, refor\u00e7a o dirigente.<\/p>\n<p>O principal f\u00f3rum de debates e delibera\u00e7\u00f5es dos trabalhadores da Caixa ter\u00e1 os seguintes eixos e temas:<\/p>\n<h3>Eixo 1 \u2013 Defesa da Vida<\/h3>\n<ul>\n<li>Democracia;<\/li>\n<li>Empresas P\u00fablicas;<\/li>\n<li>Bancos P\u00fablicos;<\/li>\n<li>Defesa da Caixa 100% P\u00fablica.<\/li>\n<\/ul>\n<h3>EIXO 2 \u2013 Sa\u00fade<\/h3>\n<ul>\n<li>Sa\u00fade e Condi\u00e7\u00f5es de Trabalho;<\/li>\n<li>Sa\u00fade Caixa;<\/li>\n<li>Funcef.<\/li>\n<\/ul>\n<h3>EIXO 3 \u2013 Direitos<\/h3>\n<ul>\n<li>CCT e ACT;<\/li>\n<li>Contrata\u00e7\u00f5es.<\/li>\n<\/ul>\n<p><strong>Fonte: Contraf-CUT<\/strong><\/p>\n","protected":false},"excerpt":{"rendered":"<p>O 36\u00ba Congresso Nacional dos Empregados da Caixa Econ\u00f4mica Federal (Conecef) ser\u00e1 realizado nos dias 10 e 11 de julho virtualmente. Cerca de 280 delegadas e delegados definir\u00e3o as estrat\u00e9gias de luta e a pauta de reivindica\u00e7\u00f5es espec\u00edfica do banco p\u00fablico para a Campanha Nacional 2020. Clique\u00a0aqui e baixe o logo do 36\u00ba Conecef Tr\u00eas [&hellip;]<\/p>\n","protected":false},"author":2,"featured_media":9143,"comment_status":"","ping_status":"","sticky":false,"template":"","format":"standard","meta":{"footnotes":""},"categories":[3],"tags":[],"class_list":["post-9144","post","type-post","status-publish","format-standard","has-post-thumbnail","hentry","category-noticias"],"_links":{"self":[{"href":"https:\/\/hostnetart.com.br\/baixada\/wp-json\/wp\/v2\/posts\/9144","targetHints":{"allow":["GET"]}}],"collection":[{"href":"https:\/\/hostnetart.com.br\/baixada\/wp-json\/wp\/v2\/posts"}],"about":[{"href":"https:\/\/hostnetart.com.br\/baixada\/wp-json\/wp\/v2\/types\/post"}],"author":[{"embeddable":true,"href":"https:\/\/hostnetart.com.br\/baixada\/wp-json\/wp\/v2\/users\/2"}],"replies":[{"embeddable":true,"href":"https:\/\/hostnetart.com.br\/baixada\/wp-json\/wp\/v2\/comments?post=9144"}],"version-history":[{"count":0,"href":"https:\/\/hostnetart.com.br\/baixada\/wp-json\/wp\/v2\/posts\/9144\/revisions"}],"wp:featuredmedia":[{"embeddable":true,"href":"https:\/\/hostnetart.com.br\/baixada\/wp-json\/wp\/v2\/media\/9143"}],"wp:attachment":[{"href":"https:\/\/hostnetart.com.br\/baixada\/wp-json\/wp\/v2\/media?parent=9144"}],"wp:term":[{"taxonomy":"category","embeddable":true,"href":"https:\/\/hostnetart.com.br\/baixada\/wp-json\/wp\/v2\/categories?post=9144"},{"taxonomy":"post_tag","embeddable":true,"href":"https:\/\/hostnetart.com.br\/baixada\/wp-json\/wp\/v2\/tags?post=9144"}],"curies":[{"name":"wp","href":"https:\/\/api.w.org\/{rel}","templated":true}]}}