{"id":9142,"date":"2020-06-26T18:59:58","date_gmt":"2020-06-26T21:59:58","guid":{"rendered":"https:\/\/hostnetart.com.br\/baixada\/contraf-cut-volta-a-cobrar-manutencao-do-projeto-remoto-na-caixa\/"},"modified":"2020-06-26T18:59:58","modified_gmt":"2020-06-26T21:59:58","slug":"contraf-cut-volta-a-cobrar-manutencao-do-projeto-remoto-na-caixa","status":"publish","type":"post","link":"https:\/\/hostnetart.com.br\/baixada\/contraf-cut-volta-a-cobrar-manutencao-do-projeto-remoto-na-caixa\/","title":{"rendered":"Contraf-CUT volta a cobrar manuten\u00e7\u00e3o do Projeto Remoto na Caixa"},"content":{"rendered":"<p>\u00a0Confedera\u00e7\u00e3o Nacional dos Trabalhadores do Ramo Financeiro (Contraf-CUT), assessorada pela Comiss\u00e3o Executiva dos Empregados da Caixa (CEE\/Caixa), enviou of\u00edcio nesta semana \u00e0 Caixa Econ\u00f4mica Federal para a prorroga\u00e7\u00e3o do projeto teletrabalho enquanto perdurar a pandemia do novo coronav\u00edrus (Covid-19).<\/p>\n<p>O \u201cProjeto Remoto\u201d \u00e9 um dos principais itens do protocolo de atua\u00e7\u00e3o de gestores e empregados. A medida, constru\u00edda em conjunto com as entidades e o movimento sindical, \u00e9 essencial para promover a sa\u00fade e defender a vida dos empregados e da popula\u00e7\u00e3o durante a pandemia.<\/p>\n<p>Fabiana Uehara Proscholdt, secret\u00e1ria da Cultura e representante da Contraf-CUT nas negocia\u00e7\u00f5es com a Caixa, exalta o trabalho remoto por ser muito importante para os empregados e para a popula\u00e7\u00e3o, pois os protege da contamina\u00e7\u00e3o e evita a aglomera\u00e7\u00e3o nas ag\u00eancias. \u201cO confinamento de pessoas em ambientes fechados, sem restri\u00e7\u00f5es de barreira entre as esta\u00e7\u00f5es de trabalho, bem como uso coletivo de elevadores e outros ambientes, ampliam consideravelmente o risco de contamina\u00e7\u00e3o, mesmo dos casos assintom\u00e1ticos. O retorno dos empregados nesse momento exp\u00f5e os empregados ao risco de cont\u00e1gio.\u201d<\/p>\n<p><strong>Fonte: Contraf-CUT<\/strong><\/p>\n","protected":false},"excerpt":{"rendered":"<p>\u00a0Confedera\u00e7\u00e3o Nacional dos Trabalhadores do Ramo Financeiro (Contraf-CUT), assessorada pela Comiss\u00e3o Executiva dos Empregados da Caixa (CEE\/Caixa), enviou of\u00edcio nesta semana \u00e0 Caixa Econ\u00f4mica Federal para a prorroga\u00e7\u00e3o do projeto teletrabalho enquanto perdurar a pandemia do novo coronav\u00edrus (Covid-19). O \u201cProjeto Remoto\u201d \u00e9 um dos principais itens do protocolo de atua\u00e7\u00e3o de gestores e empregados. [&hellip;]<\/p>\n","protected":false},"author":2,"featured_media":9141,"comment_status":"","ping_status":"","sticky":false,"template":"","format":"standard","meta":{"footnotes":""},"categories":[3],"tags":[],"class_list":["post-9142","post","type-post","status-publish","format-standard","has-post-thumbnail","hentry","category-noticias"],"_links":{"self":[{"href":"https:\/\/hostnetart.com.br\/baixada\/wp-json\/wp\/v2\/posts\/9142","targetHints":{"allow":["GET"]}}],"collection":[{"href":"https:\/\/hostnetart.com.br\/baixada\/wp-json\/wp\/v2\/posts"}],"about":[{"href":"https:\/\/hostnetart.com.br\/baixada\/wp-json\/wp\/v2\/types\/post"}],"author":[{"embeddable":true,"href":"https:\/\/hostnetart.com.br\/baixada\/wp-json\/wp\/v2\/users\/2"}],"replies":[{"embeddable":true,"href":"https:\/\/hostnetart.com.br\/baixada\/wp-json\/wp\/v2\/comments?post=9142"}],"version-history":[{"count":0,"href":"https:\/\/hostnetart.com.br\/baixada\/wp-json\/wp\/v2\/posts\/9142\/revisions"}],"wp:featuredmedia":[{"embeddable":true,"href":"https:\/\/hostnetart.com.br\/baixada\/wp-json\/wp\/v2\/media\/9141"}],"wp:attachment":[{"href":"https:\/\/hostnetart.com.br\/baixada\/wp-json\/wp\/v2\/media?parent=9142"}],"wp:term":[{"taxonomy":"category","embeddable":true,"href":"https:\/\/hostnetart.com.br\/baixada\/wp-json\/wp\/v2\/categories?post=9142"},{"taxonomy":"post_tag","embeddable":true,"href":"https:\/\/hostnetart.com.br\/baixada\/wp-json\/wp\/v2\/tags?post=9142"}],"curies":[{"name":"wp","href":"https:\/\/api.w.org\/{rel}","templated":true}]}}