{"id":9140,"date":"2020-06-26T18:59:06","date_gmt":"2020-06-26T21:59:06","guid":{"rendered":"https:\/\/hostnetart.com.br\/baixada\/campanha-internacional-pede-apoio-contra-demissoes-do-santander\/"},"modified":"2020-06-26T18:59:06","modified_gmt":"2020-06-26T21:59:06","slug":"campanha-internacional-pede-apoio-contra-demissoes-do-santander","status":"publish","type":"post","link":"https:\/\/hostnetart.com.br\/baixada\/campanha-internacional-pede-apoio-contra-demissoes-do-santander\/","title":{"rendered":"Campanha internacional pede apoio contra demiss\u00f5es do Santander"},"content":{"rendered":"<p>A UNI Global Union, sindicato global que representa 20 milh\u00f5es de trabalhadores em 150 pa\u00edses, lan\u00e7ou uma\u00a0<a href=\"https:\/\/www.labourstartcampaigns.net\/show_campaign.cgi?c=4393\" target=\"_blank\" rel=\"noopener noreferrer\">campanha internacional<\/a>\u00a0contra as\u00a0<a href=\"https:\/\/contrafcut.com.br\/noticias\/santander-demite-funcionarios-e-toma-medidas-contra-prevencao\/\" target=\"_blank\" rel=\"noopener noreferrer\">demiss\u00f5es que o Santander Brasil est\u00e1 promovendo<\/a>\u00a0em plena pandemia de Covid-19 e pedindo que as demiss\u00f5es sejam revistas.<\/p>\n<p>O manifesto lembra que o banco se comprometeu a n\u00e3o demitir durante a pandemia causada pelo novo coronav\u00edrus, mas, mesmo com o crescimento do n\u00famero de pessoas infectadas e de mortes pela Covid-19 no pa\u00eds, o banco quebrou o\u00a0<a href=\"https:\/\/contrafcut.com.br\/noticias\/santander-atende-pedido-do-comando-dos-bancarios-e-nao-demitira-durante-a-pandemia\/\" target=\"_blank\" rel=\"noopener noreferrer\">compromisso firmado<\/a>\u00a0com o Comando Nacional dos Banc\u00e1rios e com a Confedera\u00e7\u00e3o Nacional dos Trabalhadores do Ramo Financeiro (Contraf-CUT), entidade associada \u00e0 UNI.<\/p>\n<p>A presidenta da UNI Finan\u00e7as Mundial (setor de Finan\u00e7as da UNI Global Union), Rita Berlofa, explicou que a campanha \u00e9 uma forma de denunciar a irresponsabilidade social que caracteriza a gest\u00e3o do banco Santander no Brasil, pa\u00eds no qual o banco obt\u00e9m\u00a0<a href=\"https:\/\/contrafcut.com.br\/noticias\/lucro-do-santander-cresce-105-no-1o-trimestre-e-chega-aos-r-385-bilhoes\/\" target=\"_blank\" rel=\"noopener noreferrer\">29% de todo seu lucro mundial<\/a>. \u201cMesmo assim, os funcion\u00e1rios brasileiros s\u00e3o desrespeitados pelo banco espanhol, que quebrou seu compromisso ao mandar para a rua centenas de trabalhadores e torna o trabalho dos que ficam um verdadeiro inferno. Estes s\u00e3o assediados, precisam cumprir\u00a0<a href=\"https:\/\/spbancarios.com.br\/06\/2020\/metas-no-santander-crescem-na-pandemia\" target=\"_blank\" rel=\"noopener noreferrer\">metas abusivas<\/a>\u00a0e sofrem amea\u00e7as de demiss\u00e3o\u201d, disse.<\/p>\n<p>Para Rita, o banco mostra descaso com a sociedade brasileira e d\u00e1 exemplo de desumanidade para o mundo. \u201cPor isso, \u00e9 importante mostrarmos para o mundo quais s\u00e3o as reais pr\u00e1ticas do Santander\u201d, disse a dirigente ao pedir que todos contribuam com a campanha, assinem o manifesto e ajudem em sua divulga\u00e7\u00e3o por whatsapp e publicando nas suas redes sociais. \u201cVamos pressionar o Santander para que ele reveja as demiss\u00f5es\u201d, pediu a presidenta da UNI Finan\u00e7as Mundial.<\/p>\n<h3>Demiss\u00f5es<\/h3>\n<p>O jornal Folha de S. Paulo publicou reportagem abrindo os planos do Santander. Segundo a reportagem,\u00a0<a href=\"https:\/\/www1.folha.uol.com.br\/mercado\/2020\/06\/santander-planeja-demitir-20-dos-funcionarios-no-brasil-durante-a-pandemia-de-covid.shtml\" target=\"_blank\" rel=\"noopener noreferrer\">o banco pretende cortar 20% de seu quadro funcional<\/a>\u00a0(quase 9,4 mil banc\u00e1rios). Apesar de desmentir, o banco continua demitindo. Nesta ter\u00e7a-feira, cerca de 400 funcion\u00e1rios j\u00e1 haviam sido demitidos.<\/p>\n<p>Segundo o banco, a\u00a0<a href=\"https:\/\/www1.folha.uol.com.br\/mercado\/2020\/06\/santander-nega-reportagem-da-folha-sobre-demissao-de-20-dos-funcionarios.shtml\" target=\"_blank\" rel=\"noopener noreferrer\">demiss\u00f5es ocorrem em virtude do n\u00e3o cumprimento de metas<\/a>. \u201cA verdade \u00e9 outra. As demiss\u00f5es ocorrem em virtude da gan\u00e2ncia do banco, que neste ano j\u00e1\u00a0<a href=\"https:\/\/contrafcut.com.br\/noticias\/lucro-do-santander-cresce-105-no-1o-trimestre-e-chega-aos-r-385-bilhoes\/\" target=\"_blank\" rel=\"noopener noreferrer\">lucrou R$ 3,85 bilh\u00f5es nos tr\u00eas primeiros meses<\/a>. O valor \u00e9 10,5% maior do que o obtido no mesmo per\u00edodo de 2019. Ou seja, o banco cresce, fatura cada vez mais e quer cada vez mais. Existe outro motivo que n\u00e3o seja a gan\u00e2ncia?\u201d, questiona o secret\u00e1rio de Assuntos Socioecon\u00f4micos da Contraf-CUT, Mario Raia, que \u00e9 funcion\u00e1rio do Santander.<\/p>\n<h3>Den\u00fancia<\/h3>\n<p>Sindicatos de todo o pa\u00eds est\u00e3o em campanha contra as demiss\u00f5es realizadas pelo banco Santander. No dia 16 de junho, um tuita\u00e7o com a hashtag #SantanderRespeiteOBrasil foi um dos\u00a0<a href=\"https:\/\/contrafcut.com.br\/noticias\/denuncias-contra-o-santander-ficam-entre-os-assuntos-mais-comentados-no-twitter\/\" target=\"_blank\" rel=\"noopener noreferrer\">assuntos mais comentados no Twitter<\/a>. No mesmo dia tamb\u00e9m ocorreram\u00a0<a href=\"https:\/\/www.facebook.com\/pg\/contrafcut\/photos\/?tab=album&amp;album_id=3591702107509465\" target=\"_blank\" rel=\"noopener noreferrer\">manifesta\u00e7\u00f5es em frente de diversas ag\u00eancias<\/a>. Nos dias 18 e 19, proje\u00e7\u00f5es em pr\u00e9dios de diversas capitais colocaram o tema em evid\u00eancia em v\u00e1rios ve\u00edculos e comunica\u00e7\u00e3o e mostraram um pouco da\u00a0<a href=\"https:\/\/spbancarios.com.br\/06\/2020\/projecoes-escancaram-descasos-do-santander\" target=\"_blank\" rel=\"noopener noreferrer\">verdadeira face do banco<\/a>\u00a0para a sociedade.<\/p>\n<p><strong>Fonte: Contraf-CUT<\/strong><\/p>\n","protected":false},"excerpt":{"rendered":"<p>A UNI Global Union, sindicato global que representa 20 milh\u00f5es de trabalhadores em 150 pa\u00edses, lan\u00e7ou uma\u00a0campanha internacional\u00a0contra as\u00a0demiss\u00f5es que o Santander Brasil est\u00e1 promovendo\u00a0em plena pandemia de Covid-19 e pedindo que as demiss\u00f5es sejam revistas. O manifesto lembra que o banco se comprometeu a n\u00e3o demitir durante a pandemia causada pelo novo coronav\u00edrus, mas, [&hellip;]<\/p>\n","protected":false},"author":2,"featured_media":9139,"comment_status":"","ping_status":"","sticky":false,"template":"","format":"standard","meta":{"footnotes":""},"categories":[3],"tags":[],"class_list":["post-9140","post","type-post","status-publish","format-standard","has-post-thumbnail","hentry","category-noticias"],"_links":{"self":[{"href":"https:\/\/hostnetart.com.br\/baixada\/wp-json\/wp\/v2\/posts\/9140","targetHints":{"allow":["GET"]}}],"collection":[{"href":"https:\/\/hostnetart.com.br\/baixada\/wp-json\/wp\/v2\/posts"}],"about":[{"href":"https:\/\/hostnetart.com.br\/baixada\/wp-json\/wp\/v2\/types\/post"}],"author":[{"embeddable":true,"href":"https:\/\/hostnetart.com.br\/baixada\/wp-json\/wp\/v2\/users\/2"}],"replies":[{"embeddable":true,"href":"https:\/\/hostnetart.com.br\/baixada\/wp-json\/wp\/v2\/comments?post=9140"}],"version-history":[{"count":0,"href":"https:\/\/hostnetart.com.br\/baixada\/wp-json\/wp\/v2\/posts\/9140\/revisions"}],"wp:featuredmedia":[{"embeddable":true,"href":"https:\/\/hostnetart.com.br\/baixada\/wp-json\/wp\/v2\/media\/9139"}],"wp:attachment":[{"href":"https:\/\/hostnetart.com.br\/baixada\/wp-json\/wp\/v2\/media?parent=9140"}],"wp:term":[{"taxonomy":"category","embeddable":true,"href":"https:\/\/hostnetart.com.br\/baixada\/wp-json\/wp\/v2\/categories?post=9140"},{"taxonomy":"post_tag","embeddable":true,"href":"https:\/\/hostnetart.com.br\/baixada\/wp-json\/wp\/v2\/tags?post=9140"}],"curies":[{"name":"wp","href":"https:\/\/api.w.org\/{rel}","templated":true}]}}