{"id":9138,"date":"2020-06-26T18:58:12","date_gmt":"2020-06-26T21:58:12","guid":{"rendered":"https:\/\/hostnetart.com.br\/baixada\/presidente-da-caixa-e-incoerente-ao-falar-sobre-projeto-remoto\/"},"modified":"2020-06-26T18:58:12","modified_gmt":"2020-06-26T21:58:12","slug":"presidente-da-caixa-e-incoerente-ao-falar-sobre-projeto-remoto","status":"publish","type":"post","link":"https:\/\/hostnetart.com.br\/baixada\/presidente-da-caixa-e-incoerente-ao-falar-sobre-projeto-remoto\/","title":{"rendered":"Presidente da Caixa \u00e9 incoerente ao falar sobre Projeto Remoto"},"content":{"rendered":"<p>A Confedera\u00e7\u00e3o Nacional dos Trabalhadores do Ramo Financeiro (Contraf-CUT) denuncia a incoer\u00eancia do presidente da Caixa Econ\u00f4mica Federal, Pedro Guimar\u00e3es, sobre o Projeto Remoto. Ao mesmo tempo em que afirma na grande m\u00eddia dizendo que vai expandir o programa de teletrabalho depois que o per\u00edodo de pandemia for superado no Brasil, como na entrevista desta quarta-feira (24), para a CNN Brasil,\u00a0<a href=\"https:\/\/contrafcut.com.br\/noticias\/sem-negociacao-direcao-da-caixa-convoca-empregados-ao-trabalho-presencial\/\" target=\"_blank\" rel=\"noopener noreferrer\">convoca para o trabalho presencial empregados de diversas \u00e1reas-meio e matrizes, como tem feito desde a semana passada<\/a>.<\/p>\n<p>\u201cEsse presidente n\u00e3o tem razoabilidade, primeiro fala que estar de home office devido a pandemia \u00e9 frescura. Agora voltou a fazer papel de bonzinho dizendo que est\u00e1 ouvindo os clamores dos empregados e que o home office d\u00e1 mais qualidade de vida (o que nem sempre \u00e9 uma verdade), e paralelo a isso convoca empregados pro trabalho presencial, sem necessidade j\u00e1 que est\u00e3o produzindo em casa, para exp\u00f4-los \u00e0 riscos de sa\u00fade desnecessariamente. Queremos que cuide dos empregados agora!\u201d, ressaltou Fabiana Uehara Proscholdt, coordenadora do GT, membra do Conselho de Usu\u00e1rios e secret\u00e1ria da Cultura e representante da Contraf-CUT nas negocia\u00e7\u00f5es com o banco.<\/p>\n<h3>Projeto Remoto<\/h3>\n<p>O Projeto Remoto \u00e9 uma modalidade de Trabalho Remoto Simplificado. Foi lan\u00e7ando em mar\u00e7o, por conta da pandemia do coronav\u00edrus (Covid-19) e tinha o prazo de 30 dias. A prorroga\u00e7\u00e3o do projeto ocorre de acordo com a necessidade do banco.\u00a0<a href=\"https:\/\/contrafcut.com.br\/noticias\/depois-de-cobranca-da-contraf-cut-caixa-anuncia-prorrogacao-de-projeto-remoto\/\" target=\"_blank\" rel=\"noopener noreferrer\">Atualmente, o prazo vai at\u00e9 30 de junho<\/a>.<\/p>\n<p><strong>Fonte: Contraf-CUT<\/strong><\/p>\n","protected":false},"excerpt":{"rendered":"<p>A Confedera\u00e7\u00e3o Nacional dos Trabalhadores do Ramo Financeiro (Contraf-CUT) denuncia a incoer\u00eancia do presidente da Caixa Econ\u00f4mica Federal, Pedro Guimar\u00e3es, sobre o Projeto Remoto. Ao mesmo tempo em que afirma na grande m\u00eddia dizendo que vai expandir o programa de teletrabalho depois que o per\u00edodo de pandemia for superado no Brasil, como na entrevista desta [&hellip;]<\/p>\n","protected":false},"author":2,"featured_media":9137,"comment_status":"","ping_status":"","sticky":false,"template":"","format":"standard","meta":{"footnotes":""},"categories":[3],"tags":[],"class_list":["post-9138","post","type-post","status-publish","format-standard","has-post-thumbnail","hentry","category-noticias"],"_links":{"self":[{"href":"https:\/\/hostnetart.com.br\/baixada\/wp-json\/wp\/v2\/posts\/9138","targetHints":{"allow":["GET"]}}],"collection":[{"href":"https:\/\/hostnetart.com.br\/baixada\/wp-json\/wp\/v2\/posts"}],"about":[{"href":"https:\/\/hostnetart.com.br\/baixada\/wp-json\/wp\/v2\/types\/post"}],"author":[{"embeddable":true,"href":"https:\/\/hostnetart.com.br\/baixada\/wp-json\/wp\/v2\/users\/2"}],"replies":[{"embeddable":true,"href":"https:\/\/hostnetart.com.br\/baixada\/wp-json\/wp\/v2\/comments?post=9138"}],"version-history":[{"count":0,"href":"https:\/\/hostnetart.com.br\/baixada\/wp-json\/wp\/v2\/posts\/9138\/revisions"}],"wp:featuredmedia":[{"embeddable":true,"href":"https:\/\/hostnetart.com.br\/baixada\/wp-json\/wp\/v2\/media\/9137"}],"wp:attachment":[{"href":"https:\/\/hostnetart.com.br\/baixada\/wp-json\/wp\/v2\/media?parent=9138"}],"wp:term":[{"taxonomy":"category","embeddable":true,"href":"https:\/\/hostnetart.com.br\/baixada\/wp-json\/wp\/v2\/categories?post=9138"},{"taxonomy":"post_tag","embeddable":true,"href":"https:\/\/hostnetart.com.br\/baixada\/wp-json\/wp\/v2\/tags?post=9138"}],"curies":[{"name":"wp","href":"https:\/\/api.w.org\/{rel}","templated":true}]}}