{"id":9134,"date":"2020-06-25T19:02:17","date_gmt":"2020-06-25T22:02:17","guid":{"rendered":"https:\/\/hostnetart.com.br\/baixada\/campanha-nacional-dos-financiarios-2020-comeca-em-3-de-julho\/"},"modified":"2020-06-25T19:02:17","modified_gmt":"2020-06-25T22:02:17","slug":"campanha-nacional-dos-financiarios-2020-comeca-em-3-de-julho","status":"publish","type":"post","link":"https:\/\/hostnetart.com.br\/baixada\/campanha-nacional-dos-financiarios-2020-comeca-em-3-de-julho\/","title":{"rendered":"Campanha Nacional dos Financi\u00e1rios 2020 come\u00e7a em 3 de julho"},"content":{"rendered":"<p>As negocia\u00e7\u00f5es da Campanha Nacional dos Financi\u00e1rios 2020 come\u00e7am na sexta-feira da pr\u00f3xima semana, 3 de julho, \u00e0s 10h, por videoconfer\u00eancia. Na tarde desta quarta-feira (24), a Federa\u00e7\u00e3o Interestadual das Institui\u00e7\u00f5es de Cr\u00e9dito, Financiamento e Investimento (Fenacrefi) retornou o contato da Comiss\u00e3o de Organiza\u00e7\u00e3o dos Financi\u00e1rios sobre a\u00a0<a href=\"https:\/\/contrafcut.com.br\/noticias\/financiarios-encaminham-pauta-de-reinvindicacoes-da-campanha-nacional-2020-a-fenacrefi\/\" target=\"_blank\" rel=\"noopener noreferrer\">pauta de reivindica\u00e7\u00f5es, com data-base em 1\u00ba de junho, enviada no dia 10 de junho, para marcar a mesa de negocia\u00e7\u00e3o<\/a>.<\/p>\n<p>\u201cEsperamos a renova\u00e7\u00e3o da atual Conven\u00e7\u00e3o Coletiva de Trabalho (CCT) pelo per\u00edodo de dois anos, com validade entre 1\u00ba de junho de 2020 a 31 de maio de 2022\u201d, afirmou Jair Alves, coordenador da Comiss\u00e3o, sobre as principais reivindica\u00e7\u00f5es da categoria.<\/p>\n<p><strong>Fonte: Contraf-CUT<\/strong><\/p>\n","protected":false},"excerpt":{"rendered":"<p>As negocia\u00e7\u00f5es da Campanha Nacional dos Financi\u00e1rios 2020 come\u00e7am na sexta-feira da pr\u00f3xima semana, 3 de julho, \u00e0s 10h, por videoconfer\u00eancia. Na tarde desta quarta-feira (24), a Federa\u00e7\u00e3o Interestadual das Institui\u00e7\u00f5es de Cr\u00e9dito, Financiamento e Investimento (Fenacrefi) retornou o contato da Comiss\u00e3o de Organiza\u00e7\u00e3o dos Financi\u00e1rios sobre a\u00a0pauta de reivindica\u00e7\u00f5es, com data-base em 1\u00ba de [&hellip;]<\/p>\n","protected":false},"author":2,"featured_media":9133,"comment_status":"","ping_status":"","sticky":false,"template":"","format":"standard","meta":{"footnotes":""},"categories":[3],"tags":[],"class_list":["post-9134","post","type-post","status-publish","format-standard","has-post-thumbnail","hentry","category-noticias"],"_links":{"self":[{"href":"https:\/\/hostnetart.com.br\/baixada\/wp-json\/wp\/v2\/posts\/9134","targetHints":{"allow":["GET"]}}],"collection":[{"href":"https:\/\/hostnetart.com.br\/baixada\/wp-json\/wp\/v2\/posts"}],"about":[{"href":"https:\/\/hostnetart.com.br\/baixada\/wp-json\/wp\/v2\/types\/post"}],"author":[{"embeddable":true,"href":"https:\/\/hostnetart.com.br\/baixada\/wp-json\/wp\/v2\/users\/2"}],"replies":[{"embeddable":true,"href":"https:\/\/hostnetart.com.br\/baixada\/wp-json\/wp\/v2\/comments?post=9134"}],"version-history":[{"count":0,"href":"https:\/\/hostnetart.com.br\/baixada\/wp-json\/wp\/v2\/posts\/9134\/revisions"}],"wp:featuredmedia":[{"embeddable":true,"href":"https:\/\/hostnetart.com.br\/baixada\/wp-json\/wp\/v2\/media\/9133"}],"wp:attachment":[{"href":"https:\/\/hostnetart.com.br\/baixada\/wp-json\/wp\/v2\/media?parent=9134"}],"wp:term":[{"taxonomy":"category","embeddable":true,"href":"https:\/\/hostnetart.com.br\/baixada\/wp-json\/wp\/v2\/categories?post=9134"},{"taxonomy":"post_tag","embeddable":true,"href":"https:\/\/hostnetart.com.br\/baixada\/wp-json\/wp\/v2\/tags?post=9134"}],"curies":[{"name":"wp","href":"https:\/\/api.w.org\/{rel}","templated":true}]}}