{"id":9132,"date":"2020-06-25T16:22:44","date_gmt":"2020-06-25T19:22:44","guid":{"rendered":"https:\/\/hostnetart.com.br\/baixada\/adiada-reuniao-entre-comando-nacional-dos-bancarios-e-a-fenaban\/"},"modified":"2020-06-25T16:22:44","modified_gmt":"2020-06-25T19:22:44","slug":"adiada-reuniao-entre-comando-nacional-dos-bancarios-e-a-fenaban","status":"publish","type":"post","link":"https:\/\/hostnetart.com.br\/baixada\/adiada-reuniao-entre-comando-nacional-dos-bancarios-e-a-fenaban\/","title":{"rendered":"Adiada reuni\u00e3o entre Comando Nacional dos Banc\u00e1rios e a Fenaban"},"content":{"rendered":"<p>A reuni\u00e3o entre o Comando Nacional dos Banc\u00e1rios e a Federa\u00e7\u00e3o Nacional dos Bancos (Fenaban), para debater a realiza\u00e7\u00e3o de exames de Covid-19 em todos os banc\u00e1rios do Brasil,\u00a0<a href=\"https:\/\/contrafcut.com.br\/noticias\/comando-nacional-e-fenaban-debatem-exames-para-todos-os-bancarios-do-brasil\/\" target=\"_blank\" rel=\"noopener noreferrer\">que aconteceria nesta sexta-feira (26)<\/a>\u00a0foi adiada para a pr\u00f3xima ter\u00e7a-feira (30) e ser\u00e1 realizada por videoconfer\u00eancia.<\/p>\n<p>A reuni\u00e3o foi convocada ap\u00f3s decis\u00e3o favor\u00e1vel da Se\u00e7\u00e3o Especializada de Diss\u00eddios Coletivos do Tribunal \u00e0 A\u00e7\u00e3o Civil P\u00fablica, ajuizada pelo Sindicato dos Banc\u00e1rios de Guaratinguet\u00e1, com pedido de antecipa\u00e7\u00e3o de tutela junto \u00e0 Vara do Trabalho de Guaratinguet\u00e1 pleiteando a concess\u00e3o de medida liminar para a realiza\u00e7\u00e3o de exames nos banc\u00e1rios de sua base territorial, al\u00e9m dos funcion\u00e1rios terceirizados das ag\u00eancias banc\u00e1rias e que testaram positivo para a doen\u00e7a ou que se afastarem por suspeita, como forma de evitar a contamina\u00e7\u00e3o e dissemina\u00e7\u00e3o entre os demais funcion\u00e1rios e clientes.<\/p>\n<p>A decis\u00e3o contempla toda a categoria em \u00e2mbito nacional, mas est\u00e1 temporariamente suspensa devido a uma liminar interposta pelo banco Santander.\u00a0<a href=\"https:\/\/contrafcut.com.br\/noticias\/comando-nacional-e-fenaban-debatem-exames-para-todos-os-bancarios-do-brasil\/\" target=\"_blank\" rel=\"noopener noreferrer\">Mais informa\u00e7\u00f5es<\/a>\u00a0podem ser obtidas no site da Contraf-CUT.<\/p>\n<p><strong>Fonte: Contraf-CUT<\/strong><\/p>\n","protected":false},"excerpt":{"rendered":"<p>A reuni\u00e3o entre o Comando Nacional dos Banc\u00e1rios e a Federa\u00e7\u00e3o Nacional dos Bancos (Fenaban), para debater a realiza\u00e7\u00e3o de exames de Covid-19 em todos os banc\u00e1rios do Brasil,\u00a0que aconteceria nesta sexta-feira (26)\u00a0foi adiada para a pr\u00f3xima ter\u00e7a-feira (30) e ser\u00e1 realizada por videoconfer\u00eancia. A reuni\u00e3o foi convocada ap\u00f3s decis\u00e3o favor\u00e1vel da Se\u00e7\u00e3o Especializada de [&hellip;]<\/p>\n","protected":false},"author":2,"featured_media":9131,"comment_status":"","ping_status":"","sticky":false,"template":"","format":"standard","meta":{"footnotes":""},"categories":[3],"tags":[],"class_list":["post-9132","post","type-post","status-publish","format-standard","has-post-thumbnail","hentry","category-noticias"],"_links":{"self":[{"href":"https:\/\/hostnetart.com.br\/baixada\/wp-json\/wp\/v2\/posts\/9132","targetHints":{"allow":["GET"]}}],"collection":[{"href":"https:\/\/hostnetart.com.br\/baixada\/wp-json\/wp\/v2\/posts"}],"about":[{"href":"https:\/\/hostnetart.com.br\/baixada\/wp-json\/wp\/v2\/types\/post"}],"author":[{"embeddable":true,"href":"https:\/\/hostnetart.com.br\/baixada\/wp-json\/wp\/v2\/users\/2"}],"replies":[{"embeddable":true,"href":"https:\/\/hostnetart.com.br\/baixada\/wp-json\/wp\/v2\/comments?post=9132"}],"version-history":[{"count":0,"href":"https:\/\/hostnetart.com.br\/baixada\/wp-json\/wp\/v2\/posts\/9132\/revisions"}],"wp:featuredmedia":[{"embeddable":true,"href":"https:\/\/hostnetart.com.br\/baixada\/wp-json\/wp\/v2\/media\/9131"}],"wp:attachment":[{"href":"https:\/\/hostnetart.com.br\/baixada\/wp-json\/wp\/v2\/media?parent=9132"}],"wp:term":[{"taxonomy":"category","embeddable":true,"href":"https:\/\/hostnetart.com.br\/baixada\/wp-json\/wp\/v2\/categories?post=9132"},{"taxonomy":"post_tag","embeddable":true,"href":"https:\/\/hostnetart.com.br\/baixada\/wp-json\/wp\/v2\/tags?post=9132"}],"curies":[{"name":"wp","href":"https:\/\/api.w.org\/{rel}","templated":true}]}}