{"id":9130,"date":"2020-06-25T13:41:29","date_gmt":"2020-06-25T16:41:29","guid":{"rendered":"https:\/\/hostnetart.com.br\/baixada\/senador-solicita-explicacoes-do-banco-central-sobre-fechamento-de-quase-300-agencias-bancarias-pelo-pais\/"},"modified":"2020-06-25T13:41:29","modified_gmt":"2020-06-25T16:41:29","slug":"senador-solicita-explicacoes-do-banco-central-sobre-fechamento-de-quase-300-agencias-bancarias-pelo-pais","status":"publish","type":"post","link":"https:\/\/hostnetart.com.br\/baixada\/senador-solicita-explicacoes-do-banco-central-sobre-fechamento-de-quase-300-agencias-bancarias-pelo-pais\/","title":{"rendered":"Senador solicita explica\u00e7\u00f5es do Banco Central sobre fechamento de quase 300 ag\u00eancias banc\u00e1rias pelo pa\u00eds"},"content":{"rendered":"<p>Nesta quarta-feira (24), o senador Jean Paul Prates (PT-RN) protocolou, no plen\u00e1rio do Senado, o\u00a0<a href=\"https:\/\/www25.senado.leg.br\/web\/atividade\/materias\/-\/materia\/142912\" target=\"_blank\" rel=\"noopener noreferrer\">requerimento 1058\/20<\/a>, solicitando informa\u00e7\u00f5es atuais ao presidente do Banco Central (Bacen), Roberto Campos, sobre o fechamento de quase 300 ag\u00eancias banc\u00e1rias em diversas localidades do pa\u00eds.<\/p>\n<p>Um levantamento do Departamento Intersindical de Estat\u00edstica e Estudos Socioecon\u00f4micos (Dieese), com base em dados do Banco Central, revela que 42% dos munic\u00edpios do pa\u00eds n\u00e3o possuem nenhuma ag\u00eancia banc\u00e1ria. Em 7% n\u00e3o existe qualquer tipo de atendimento banc\u00e1rio. Os dados mostram que, de janeiro a abril de 2020,\u00a0<a href=\"https:\/\/contrafcut.com.br\/noticias\/bancos-fecham-agencias-e-aumentam-sofrimento-dos-brasileiros\/\" target=\"_blank\" rel=\"noopener noreferrer\">foram fechadas 283 ag\u00eancias banc\u00e1rias no pa\u00eds<\/a>. Destas 194 foram fechadas ap\u00f3s o in\u00edcio da pandemia.<\/p>\n<p>O documento destaca que, em meio a uma grave crise provocada pela pandemia do coronav\u00edrus, muitas ag\u00eancias foram fechadas definitivamente e algumas estavam situadas em locais com d\u00e9ficit de postos de servi\u00e7os banc\u00e1rios, prejudicando a categoria, empresas, prefeituras e a popula\u00e7\u00e3o em geral.<\/p>\n<p>Segundo o secret\u00e1rio de Rela\u00e7\u00f5es de Trabalho da Contraf-CUT, Jeferson Meira, o Jef\u00e3o, esse requerimento \u00e9 de extrema import\u00e2ncia neste momento t\u00e3o at\u00edpico pelo qual o pa\u00eds atravessa. \u201cEnquanto o povo brasileiro sofre com os efeitos nefastos do atual governo, sem uma pol\u00edtica de sa\u00fade que combata o avan\u00e7o da contamina\u00e7\u00e3o pela Covid-19, e com os constantes ataques \u00e0 classe trabalhadora, os donos paralelos do poder, os banqueiros, mostram que n\u00e3o t\u00eam compromisso com o Brasil\u201d, ressaltou Jef\u00e3o.<\/p>\n<p>Ainda segundo o documento, o fechamento das ag\u00eancias durante a pandemia tem dificultado, para muitas pessoas, o saque do aux\u00edlio emergencial de R$ 600. Atualmente, 376 munic\u00edpios brasileiros n\u00e3o t\u00eam qualquer tipo de atendimento banc\u00e1rio (ag\u00eancia, posto de atendimento ou caixa eletr\u00f4nico), o que obriga seus moradores a terem que se deslocar para outras cidades para receber o aux\u00edlio.<\/p>\n<p>\u201cExigimos seguran\u00e7a e condi\u00e7\u00f5es dignas de trabalho e sa\u00fade aos milhares de banc\u00e1rios e banc\u00e1rias que est\u00e3o na linha de frente atendendo a popula\u00e7\u00e3o em meio \u00e0 pandemia. E os bancos se aproveitando disso para fechar ag\u00eancias de forma definitiva aumentando ainda mais o desemprego e o desespero daqueles que, porventura, tenham que mudar de cidade para trabalhar em outra\u201d, argumenta Jef\u00e3o.<\/p>\n<h3>Situa\u00e7\u00e3o cr\u00edtica<\/h3>\n<p>O levantamento do Dieese ainda mostra que, em alguns estados, a situa\u00e7\u00e3o \u00e9 extremamente cr\u00edtica, como em Roraima, onde dos 15 munic\u00edpios, apenas quatro contam com ag\u00eancias banc\u00e1rias. Em tr\u00eas deles existem apenas bancos p\u00fablicos. Bancos privados, apenas na capital.<\/p>\n<p>Jef\u00e3o lembrou, tamb\u00e9m, que o servi\u00e7o banc\u00e1rio \u00e9 uma concess\u00e3o p\u00fablica regulada por lei. \u201cOs banqueiros deveriam prestar contas disso quando retiram postos de trabalho, de servi\u00e7os e atendimento ao p\u00fablico, empresas e munic\u00edpios, aproveitando o momento de crise para fechar as ag\u00eancias definitivamente e n\u00e3o s\u00f3 no per\u00edodo de calamidade. Por isso, exigimos respostas e mais respeito\u201d, finaliza.<\/p>\n<p><strong>Fonte: Contraf-CUT<\/strong><\/p>\n","protected":false},"excerpt":{"rendered":"<p>Nesta quarta-feira (24), o senador Jean Paul Prates (PT-RN) protocolou, no plen\u00e1rio do Senado, o\u00a0requerimento 1058\/20, solicitando informa\u00e7\u00f5es atuais ao presidente do Banco Central (Bacen), Roberto Campos, sobre o fechamento de quase 300 ag\u00eancias banc\u00e1rias em diversas localidades do pa\u00eds. Um levantamento do Departamento Intersindical de Estat\u00edstica e Estudos Socioecon\u00f4micos (Dieese), com base em dados [&hellip;]<\/p>\n","protected":false},"author":2,"featured_media":9129,"comment_status":"","ping_status":"","sticky":false,"template":"","format":"standard","meta":{"footnotes":""},"categories":[3],"tags":[],"class_list":["post-9130","post","type-post","status-publish","format-standard","has-post-thumbnail","hentry","category-noticias"],"_links":{"self":[{"href":"https:\/\/hostnetart.com.br\/baixada\/wp-json\/wp\/v2\/posts\/9130","targetHints":{"allow":["GET"]}}],"collection":[{"href":"https:\/\/hostnetart.com.br\/baixada\/wp-json\/wp\/v2\/posts"}],"about":[{"href":"https:\/\/hostnetart.com.br\/baixada\/wp-json\/wp\/v2\/types\/post"}],"author":[{"embeddable":true,"href":"https:\/\/hostnetart.com.br\/baixada\/wp-json\/wp\/v2\/users\/2"}],"replies":[{"embeddable":true,"href":"https:\/\/hostnetart.com.br\/baixada\/wp-json\/wp\/v2\/comments?post=9130"}],"version-history":[{"count":0,"href":"https:\/\/hostnetart.com.br\/baixada\/wp-json\/wp\/v2\/posts\/9130\/revisions"}],"wp:featuredmedia":[{"embeddable":true,"href":"https:\/\/hostnetart.com.br\/baixada\/wp-json\/wp\/v2\/media\/9129"}],"wp:attachment":[{"href":"https:\/\/hostnetart.com.br\/baixada\/wp-json\/wp\/v2\/media?parent=9130"}],"wp:term":[{"taxonomy":"category","embeddable":true,"href":"https:\/\/hostnetart.com.br\/baixada\/wp-json\/wp\/v2\/categories?post=9130"},{"taxonomy":"post_tag","embeddable":true,"href":"https:\/\/hostnetart.com.br\/baixada\/wp-json\/wp\/v2\/tags?post=9130"}],"curies":[{"name":"wp","href":"https:\/\/api.w.org\/{rel}","templated":true}]}}