{"id":9126,"date":"2020-06-24T19:56:18","date_gmt":"2020-06-24T22:56:18","guid":{"rendered":"https:\/\/hostnetart.com.br\/baixada\/presidente-da-caixa-confirma-privatizacao-de-areas-estrategicas-do-banco\/"},"modified":"2020-06-24T19:56:18","modified_gmt":"2020-06-24T22:56:18","slug":"presidente-da-caixa-confirma-privatizacao-de-areas-estrategicas-do-banco","status":"publish","type":"post","link":"https:\/\/hostnetart.com.br\/baixada\/presidente-da-caixa-confirma-privatizacao-de-areas-estrategicas-do-banco\/","title":{"rendered":"Presidente da Caixa confirma privatiza\u00e7\u00e3o de \u00e1reas estrat\u00e9gicas do Banco"},"content":{"rendered":"<p>O presidente do Caixa Econ\u00f4mica Federal, Pedro Guimar\u00e3es, voltou a refor\u00e7ar os planos de privatiza\u00e7\u00e3o da Caixa. Em entrevista ao jornal Estad\u00e3o, na tarde de ter\u00e7a-feira (23), Guimar\u00e3es, confirmou a venda de setores estrat\u00e9gicos do banco p\u00fablico. \u201cN\u00f3s podemos e iremos abrir o capital. Temos ainda algumas decis\u00f5es internas para serem tomadas, mas o caminho est\u00e1 muito claro: abertura de capital das opera\u00e7\u00f5es de seguros, de cart\u00f5es, de asset e uma discuss\u00e3o de loterias que passa por uma outra discuss\u00e3o legal\u201d, disse.<\/p>\n<p>Para S\u00e9rgio Takemoto, secret\u00e1rio de Finan\u00e7as da Confedera\u00e7\u00e3o Nacional dos Trabalhadores do Ramo Financeiro (Contraf-CUT) e presidente da Federa\u00e7\u00e3o Nacional das Associa\u00e7\u00f5es do Pessoal da Caixa (Fenae), a declara\u00e7\u00e3o de Guimar\u00e3es n\u00e3o \u00e9 uma surpresa e reacende a inten\u00e7\u00e3o de privatizar o banco p\u00fablico, fundamental para auxiliar a popula\u00e7\u00e3o durante a pandemia e para reerguer a economia no per\u00edodo p\u00f3s-crise.<\/p>\n<p>Na opini\u00e3o de Takemoto, com a crise econ\u00f4mica causada pela Covid-19, a Caixa mostrou, mais uma vez, seu papel imprescind\u00edvel para os brasileiros e para a economia do Pa\u00eds. Diante da omiss\u00e3o do governo e dos bancos privados, a Caixa assumiu, sozinha, a sua fun\u00e7\u00e3o social e realizou o pagamento do aux\u00edlio emergencial para mais de 64 milh\u00f5es de brasileiros. E manteve, de p\u00e9, os outros programas que ajudam a popula\u00e7\u00e3o a enfrentar a crise\u201d, ressaltou.<\/p>\n<p>Al\u00e9m do pagamento do aux\u00edlio emergencial, agora a Caixa vai focar na oferta de cr\u00e9dito para as micro e pequenas empresas. \u201c\u00c9 mais uma prova da fundamental contribui\u00e7\u00e3o da Caixa para fazer a economia do Pa\u00eds voltar a girar. A Caixa \u00e9 um banco p\u00fablico e n\u00e3o pode deixar de cumprir seu papel e sua responsabilidade social, \u201cafirmou Fabiana Uehara Proscholdt, secret\u00e1ria da Cultura e representante<\/p>\n<p>Durante a entrevista, Guimar\u00e3es ressaltou que a Caixa vai manter seu papel social, mas a venda dos quatro setores (seguros, de cart\u00f5es, asset management e loteria) s\u00e3o importantes para a Caixa e \u201cn\u00e3o s\u00e3o o cora\u00e7\u00e3o do banco\u201d. Fabiana discorda. \u201cSe segundo o presidente n\u00e3o s\u00e3o o cora\u00e7\u00e3o, digamos que s\u00e3o os pulm\u00f5es, o f\u00edgado, ou outro \u00f3rg\u00e3o essencial, n\u00e3o tem como viver sem. Privatizar essas partes compromete sim a parte social do banco, n\u00e3o s\u00f3 estruturalmente, mas tamb\u00e9m os programas sociais em si\u201d, disse.<\/p>\n<h3>PL 2715\/2020<\/h3>\n<p>Projeto de Lei prev\u00ea paralisa\u00e7\u00e3o das privatiza\u00e7\u00f5es at\u00e9 2022 \u2013 Para tentar segurar \u201co \u00edmpeto do Governo de entregar o Pa\u00eds\u201d com as privatiza\u00e7\u00f5es, tramita na C\u00e2mara dos Deputados o PL 2715\/2020, que prop\u00f5e a suspens\u00e3o das privatiza\u00e7\u00f5es at\u00e9 1 ano ap\u00f3s o fim do estado de calamidade p\u00fablica. Na pr\u00e1tica, os processos de desestatiza\u00e7\u00e3o e desinvestimentos s\u00f3 poder\u00e3o ser retomados em 2022.<\/p>\n<p>Para o deputado Enio Verri (PT\/PR), um dos autores do projeto, al\u00e9m de vender barato por conta da desvaloriza\u00e7\u00e3o das empresas diante da pandemia, a privatiza\u00e7\u00e3o dos setores anunciados por Guimar\u00e3es tamb\u00e9m vai prejudicar a popula\u00e7\u00e3o. \u201cPrivatizar setores essenciais como o de cart\u00f5es, loterias e o de seguros \u00e9 um equ\u00edvoco, dentro do princ\u00edpio de reduzir a desigualdade regional e social no pa\u00eds. Se a Caixa fica menor ou mais fr\u00e1gil, sua capacidade de negocia\u00e7\u00e3o ficar\u00e1 reduzida. Isso far\u00e1 com que o banco passe a intervir menos na economia e na vida das pessoas mais pobres\u201d, alerta.<\/p>\n<p>As deputadas Fernanda Melchionna (Psol\/RS), Jo\u00eania Wapichana (Rede\/RR) e Perp\u00e9tua Almeida (PCdoB\/AC) tamb\u00e9m s\u00e3o autoras do PL, que recebeu 93% de apoio popular. Neste link \u00e9 poss\u00edvel dar sua opini\u00e3o e votar na enquete da C\u00e2mara: <a href=\"https:\/\/forms.camara.leg.br\/ex\/enquetes\/2252846\">https:\/\/forms.camara.leg.br\/ex\/enquetes\/2252846<\/a><\/p>\n<p><strong>Fonte: Contraf-CUT<\/strong><\/p>\n","protected":false},"excerpt":{"rendered":"<p>O presidente do Caixa Econ\u00f4mica Federal, Pedro Guimar\u00e3es, voltou a refor\u00e7ar os planos de privatiza\u00e7\u00e3o da Caixa. Em entrevista ao jornal Estad\u00e3o, na tarde de ter\u00e7a-feira (23), Guimar\u00e3es, confirmou a venda de setores estrat\u00e9gicos do banco p\u00fablico. \u201cN\u00f3s podemos e iremos abrir o capital. Temos ainda algumas decis\u00f5es internas para serem tomadas, mas o caminho [&hellip;]<\/p>\n","protected":false},"author":2,"featured_media":9125,"comment_status":"","ping_status":"","sticky":false,"template":"","format":"standard","meta":{"footnotes":""},"categories":[3],"tags":[],"class_list":["post-9126","post","type-post","status-publish","format-standard","has-post-thumbnail","hentry","category-noticias"],"_links":{"self":[{"href":"https:\/\/hostnetart.com.br\/baixada\/wp-json\/wp\/v2\/posts\/9126","targetHints":{"allow":["GET"]}}],"collection":[{"href":"https:\/\/hostnetart.com.br\/baixada\/wp-json\/wp\/v2\/posts"}],"about":[{"href":"https:\/\/hostnetart.com.br\/baixada\/wp-json\/wp\/v2\/types\/post"}],"author":[{"embeddable":true,"href":"https:\/\/hostnetart.com.br\/baixada\/wp-json\/wp\/v2\/users\/2"}],"replies":[{"embeddable":true,"href":"https:\/\/hostnetart.com.br\/baixada\/wp-json\/wp\/v2\/comments?post=9126"}],"version-history":[{"count":0,"href":"https:\/\/hostnetart.com.br\/baixada\/wp-json\/wp\/v2\/posts\/9126\/revisions"}],"wp:featuredmedia":[{"embeddable":true,"href":"https:\/\/hostnetart.com.br\/baixada\/wp-json\/wp\/v2\/media\/9125"}],"wp:attachment":[{"href":"https:\/\/hostnetart.com.br\/baixada\/wp-json\/wp\/v2\/media?parent=9126"}],"wp:term":[{"taxonomy":"category","embeddable":true,"href":"https:\/\/hostnetart.com.br\/baixada\/wp-json\/wp\/v2\/categories?post=9126"},{"taxonomy":"post_tag","embeddable":true,"href":"https:\/\/hostnetart.com.br\/baixada\/wp-json\/wp\/v2\/tags?post=9126"}],"curies":[{"name":"wp","href":"https:\/\/api.w.org\/{rel}","templated":true}]}}