{"id":9122,"date":"2020-06-24T03:02:04","date_gmt":"2020-06-24T06:02:04","guid":{"rendered":"https:\/\/hostnetart.com.br\/baixada\/bancarios-do-rio-e-representantes-dos-trabalhadores-debatem-caminhos-de-resistencia-contra-a-privatizacao-do-bb-2\/"},"modified":"2020-06-24T03:02:04","modified_gmt":"2020-06-24T06:02:04","slug":"bancarios-do-rio-e-representantes-dos-trabalhadores-debatem-caminhos-de-resistencia-contra-a-privatizacao-do-bb-2","status":"publish","type":"post","link":"https:\/\/hostnetart.com.br\/baixada\/bancarios-do-rio-e-representantes-dos-trabalhadores-debatem-caminhos-de-resistencia-contra-a-privatizacao-do-bb-2\/","title":{"rendered":"Banc\u00e1rios do Rio e representantes dos trabalhadores debatem caminhos de resist\u00eancia contra a privatiza\u00e7\u00e3o do BB"},"content":{"rendered":"<p>A live \u2018Banco do Brasil sob amea\u00e7a. Como resistir?\u2019, desta quarta-feira (24), \u00e0s 19h, realizada pelo Sindicato dos Banc\u00e1rios do Rio de Janeiro, ir\u00e1 debater, ao vivo, estrat\u00e9gias de resist\u00eancia contra a amea\u00e7a do atual governo de privatizar o Banco do Brasil.<\/p>\n<p>Para Paulo Guedes, o BB est\u00e1 \u201cpronto pra privatiza\u00e7\u00e3o\u201d. Para o presidente Novaes, vend\u00ea-lo seria a realiza\u00e7\u00e3o de um sonho. Neste desgoverno os banc\u00e1rios do Banco do Brasil resistem para preservar o maior banco p\u00fablico do pa\u00eds.<br \/>Segundo Jo\u00e3o Fukunaga, coordenador da Comiss\u00e3o de Empresa, este debate \u00e9 imprescind\u00edvel no momento em que o banco se encontra sob forte amea\u00e7a de privatiza\u00e7\u00e3o. \u201cNeste momento de ataque do governo federal, que atrav\u00e9s do ministro da economia e do presidente do Banco do Brasil, vem anunciando em reuni\u00f5es escusas e em diversas entrevistas, a inten\u00e7\u00e3o de privatizar o BB, \u00e9 de extrema import\u00e2ncia os funcion\u00e1rios entenderem a necessidade da defesa do banco enquanto patrim\u00f4nio p\u00fablico e da defesa dos empregos e dos direitos. Por isso, \u00e9 importante este debate neste momento de forte ataque. \u00c9 preciso resistir e lutar\u201d, avalia Fukunaga.<\/p>\n<p>Para Marcel Barros, diretor de Seguridade da Previ, esse debate \u00e9 fundamental nos dias de hoje. \u201cConsiderando que n\u00f3s temos diversas empresas de m\u00e9dio e pequeno porte, que t\u00eam dificuldades, o papel de um banco p\u00fablico \u00e9 o de dar sustenta\u00e7\u00e3o para essas empresas, n\u00e3o s\u00f3 mantendo o abastecimento de um mercado de consumo, mas principalmente garantindo empregos e renda, e garantido que a economia n\u00e3o entre numa depress\u00e3o mais profunda do que j\u00e1 est\u00e1. Por outro lado, para os associados ao fundo de pens\u00e3o, esse debate \u00e9 fundamental, pois diz respeito sobre quem patrocina e garante os recursos do fundo de pens\u00e3o, num momento da vida em que as pessoas mais precisam destes recursos\u201d, explica Barros.<\/p>\n<p>A live ser\u00e1 comandada pela presidenta do Sindicato dos Banc\u00e1rios do Rio de Janeiro, Adriana Nalesso. Al\u00e9m da presen\u00e7a de Jo\u00e3o Fukunaga e Marcel Barros est\u00e3o confirmadas as presen\u00e7as de Rita Mota, representante do Rio na Comiss\u00e3o de Empresa, e Reimont Luiz Otoni Santa B\u00e1rbara, vereador e Funcion\u00e1rio do BB.<\/p>\n<p><strong>Fonte: Contraf-CUT<\/strong><\/p>\n","protected":false},"excerpt":{"rendered":"<p>A live \u2018Banco do Brasil sob amea\u00e7a. Como resistir?\u2019, desta quarta-feira (24), \u00e0s 19h, realizada pelo Sindicato dos Banc\u00e1rios do Rio de Janeiro, ir\u00e1 debater, ao vivo, estrat\u00e9gias de resist\u00eancia contra a amea\u00e7a do atual governo de privatizar o Banco do Brasil. Para Paulo Guedes, o BB est\u00e1 \u201cpronto pra privatiza\u00e7\u00e3o\u201d. Para o presidente Novaes, [&hellip;]<\/p>\n","protected":false},"author":2,"featured_media":9121,"comment_status":"","ping_status":"","sticky":false,"template":"","format":"standard","meta":{"footnotes":""},"categories":[3],"tags":[],"class_list":["post-9122","post","type-post","status-publish","format-standard","has-post-thumbnail","hentry","category-noticias"],"_links":{"self":[{"href":"https:\/\/hostnetart.com.br\/baixada\/wp-json\/wp\/v2\/posts\/9122","targetHints":{"allow":["GET"]}}],"collection":[{"href":"https:\/\/hostnetart.com.br\/baixada\/wp-json\/wp\/v2\/posts"}],"about":[{"href":"https:\/\/hostnetart.com.br\/baixada\/wp-json\/wp\/v2\/types\/post"}],"author":[{"embeddable":true,"href":"https:\/\/hostnetart.com.br\/baixada\/wp-json\/wp\/v2\/users\/2"}],"replies":[{"embeddable":true,"href":"https:\/\/hostnetart.com.br\/baixada\/wp-json\/wp\/v2\/comments?post=9122"}],"version-history":[{"count":0,"href":"https:\/\/hostnetart.com.br\/baixada\/wp-json\/wp\/v2\/posts\/9122\/revisions"}],"wp:featuredmedia":[{"embeddable":true,"href":"https:\/\/hostnetart.com.br\/baixada\/wp-json\/wp\/v2\/media\/9121"}],"wp:attachment":[{"href":"https:\/\/hostnetart.com.br\/baixada\/wp-json\/wp\/v2\/media?parent=9122"}],"wp:term":[{"taxonomy":"category","embeddable":true,"href":"https:\/\/hostnetart.com.br\/baixada\/wp-json\/wp\/v2\/categories?post=9122"},{"taxonomy":"post_tag","embeddable":true,"href":"https:\/\/hostnetart.com.br\/baixada\/wp-json\/wp\/v2\/tags?post=9122"}],"curies":[{"name":"wp","href":"https:\/\/api.w.org\/{rel}","templated":true}]}}