{"id":9114,"date":"2020-06-23T23:10:42","date_gmt":"2020-06-24T02:10:42","guid":{"rendered":"https:\/\/hostnetart.com.br\/baixada\/comando-nacional-e-fenaban-debatem-exames-para-todos-os-bancarios-do-brasil\/"},"modified":"2020-06-23T23:10:42","modified_gmt":"2020-06-24T02:10:42","slug":"comando-nacional-e-fenaban-debatem-exames-para-todos-os-bancarios-do-brasil","status":"publish","type":"post","link":"https:\/\/hostnetart.com.br\/baixada\/comando-nacional-e-fenaban-debatem-exames-para-todos-os-bancarios-do-brasil\/","title":{"rendered":"Comando Nacional e Fenaban debatem exames para todos os banc\u00e1rios do Brasil"},"content":{"rendered":"<p>O Comando Nacional dos Banc\u00e1rios e a Federa\u00e7\u00e3o Nacional dos Bancos (Fenaban) se re\u00fanem, por videoconfer\u00eancia, na sexta-feira (26) para discutir a realiza\u00e7\u00e3o de exames de COVID-19 em todos os banc\u00e1rios do Brasil.<\/p>\n<p>A reuni\u00e3o foi convocada ap\u00f3s decis\u00e3o favor\u00e1vel da Se\u00e7\u00e3o Especializada de Diss\u00eddios Coletivos do Tribunal \u00e0 A\u00e7\u00e3o Civil P\u00fablica, ajuizada pelo Sindicato dos Banc\u00e1rios de Guaratinguet\u00e1, com pedido de antecipa\u00e7\u00e3o de tutela junto a Vara do Trabalho de Guaratinguet\u00e1 pleiteando a concess\u00e3o de medida liminar para a realiza\u00e7\u00e3o de exames nos banc\u00e1rios de sua base territorial, al\u00e9m dos funcion\u00e1rios terceirizados das ag\u00eancias banc\u00e1rias e que testaram positivo para a doen\u00e7a ou que se afastarem por suspeita, como forma de evitar a contamina\u00e7\u00e3o e dissemina\u00e7\u00e3o entre os demais funcion\u00e1rios e clientes.<\/p>\n<p>O ju\u00edzo de primeira inst\u00e2ncia indeferiu o pedido. Diante disso, o sindicato recorreu por meio de mandado de seguran\u00e7a ao Tribunal Regional do Trabalho da 15 Regi\u00e3o em Campinas. Foi ent\u00e3o que o desembargador sorteado para relatar o mandado de seguran\u00e7a deferiu a medida liminar pleiteada nos seguintes termos:<\/p>\n<p>\u201cDeferir a imediata testagem para o v\u00edrus Covid-19 para todos os banc\u00e1rios e colaboradores terceirizados das institui\u00e7\u00f5es envolvidas na A\u00e7\u00e3o principal onde foram confirmados casos de contamina\u00e7\u00e3o e a cada 21 (vinte e um) dias, em todas as ag\u00eancias localizadas no territ\u00f3rio nacional, e pelo per\u00edodo em que tanto o Decreto Federal quanto os respectivos Decretos Estaduais e Municipais de isolamento social e de restri\u00e7\u00e3o das atividades comerciais vigorarem. Tamb\u00e9m defiro o reembolso a todos os trabalhadores envolvidos que realizaram ou vierem a realizar o teste do Covid-19 em laborat\u00f3rios particulares.\u201d<\/p>\n<p>Por\u00e9m, como o Santander conseguiu efeito suspensivo dos efeitos da medida liminar, o desembargador relator do processo de mandado de seguran\u00e7a do TRT\/15\u00aa estendeu essa decis\u00e3o a todos os bancos. \u201cCom a liminar, os efeitos est\u00e3o suspensos para todos os bancos at\u00e9 o julgamento do agravo do Santander\u201d, explicou o assessor jur\u00eddico da Confedera\u00e7\u00e3o Nacional dos Trabalhadores do Ramo Financeiro (Contraf-CUT), Jefferson Martins de Oliveira.<\/p>\n<p><strong>Fonte: Contraf-CUT<\/strong><\/p>\n","protected":false},"excerpt":{"rendered":"<p>O Comando Nacional dos Banc\u00e1rios e a Federa\u00e7\u00e3o Nacional dos Bancos (Fenaban) se re\u00fanem, por videoconfer\u00eancia, na sexta-feira (26) para discutir a realiza\u00e7\u00e3o de exames de COVID-19 em todos os banc\u00e1rios do Brasil. A reuni\u00e3o foi convocada ap\u00f3s decis\u00e3o favor\u00e1vel da Se\u00e7\u00e3o Especializada de Diss\u00eddios Coletivos do Tribunal \u00e0 A\u00e7\u00e3o Civil P\u00fablica, ajuizada pelo Sindicato [&hellip;]<\/p>\n","protected":false},"author":2,"featured_media":9113,"comment_status":"","ping_status":"","sticky":false,"template":"","format":"standard","meta":{"footnotes":""},"categories":[3],"tags":[],"class_list":["post-9114","post","type-post","status-publish","format-standard","has-post-thumbnail","hentry","category-noticias"],"_links":{"self":[{"href":"https:\/\/hostnetart.com.br\/baixada\/wp-json\/wp\/v2\/posts\/9114","targetHints":{"allow":["GET"]}}],"collection":[{"href":"https:\/\/hostnetart.com.br\/baixada\/wp-json\/wp\/v2\/posts"}],"about":[{"href":"https:\/\/hostnetart.com.br\/baixada\/wp-json\/wp\/v2\/types\/post"}],"author":[{"embeddable":true,"href":"https:\/\/hostnetart.com.br\/baixada\/wp-json\/wp\/v2\/users\/2"}],"replies":[{"embeddable":true,"href":"https:\/\/hostnetart.com.br\/baixada\/wp-json\/wp\/v2\/comments?post=9114"}],"version-history":[{"count":0,"href":"https:\/\/hostnetart.com.br\/baixada\/wp-json\/wp\/v2\/posts\/9114\/revisions"}],"wp:featuredmedia":[{"embeddable":true,"href":"https:\/\/hostnetart.com.br\/baixada\/wp-json\/wp\/v2\/media\/9113"}],"wp:attachment":[{"href":"https:\/\/hostnetart.com.br\/baixada\/wp-json\/wp\/v2\/media?parent=9114"}],"wp:term":[{"taxonomy":"category","embeddable":true,"href":"https:\/\/hostnetart.com.br\/baixada\/wp-json\/wp\/v2\/categories?post=9114"},{"taxonomy":"post_tag","embeddable":true,"href":"https:\/\/hostnetart.com.br\/baixada\/wp-json\/wp\/v2\/tags?post=9114"}],"curies":[{"name":"wp","href":"https:\/\/api.w.org\/{rel}","templated":true}]}}