{"id":9106,"date":"2020-06-23T03:43:23","date_gmt":"2020-06-23T06:43:23","guid":{"rendered":"https:\/\/hostnetart.com.br\/baixada\/funcionarios-do-bb-realizarao-congresso-por-videoconferencia\/"},"modified":"2020-06-23T03:43:23","modified_gmt":"2020-06-23T06:43:23","slug":"funcionarios-do-bb-realizarao-congresso-por-videoconferencia","status":"publish","type":"post","link":"https:\/\/hostnetart.com.br\/baixada\/funcionarios-do-bb-realizarao-congresso-por-videoconferencia\/","title":{"rendered":"Funcion\u00e1rios do BB realizar\u00e3o Congresso por videoconfer\u00eancia"},"content":{"rendered":"<p>Funcion\u00e1rios do Banco do Brasil realizam nos dias 11 e 12 de julho seu 31\u00ba Congresso Nacional. Ser\u00e1 a primeira vez na hist\u00f3ria que o Congresso ser\u00e1 realizado por videoconfer\u00eancia, em decorr\u00eancia da pandemia causada pelo novo coronav\u00edrus.<\/p>\n<p>O Comando Nacional dos Banc\u00e1rios debateu longamente para<a href=\"https:\/\/contrafcut.com.br\/noticias\/comando-nacional-dos-bancarios-define-calendario-da-campanha-nacional-2020-caso-nao-seja-aprovada-a-ultratividade\/\" target=\"_blank\" rel=\"noopener noreferrer\">\u00a0adequar o calend\u00e1rio e redimensionar o 31\u00ba CNFBB<\/a>, de maneira que fosse garantida a representatividade das entidades de todo o pa\u00eds e de suas delega\u00e7\u00f5es. \u201cAl\u00e9m disso, os debates e semin\u00e1rios ser\u00e3o transmitidos ao vivo, possibilitando a participa\u00e7\u00e3o de um maior n\u00famero de banc\u00e1rios\u201d, explicou o coordenador da Comiss\u00e3o de Empresa dos Funcion\u00e1rios do Banco do Brasil, Jo\u00e3o Fukunaga.<\/p>\n<p>\u201cRecentes declara\u00e7\u00f5es do\u00a0<a href=\"https:\/\/contrafcut.com.br\/noticias\/guedes-mostra-desprezo-pelo-banco-do-brasil-e-pelas-pequenas-empresas\/\" target=\"_blank\" rel=\"noopener noreferrer\">ministro da Economia<\/a>\u00a0e do pr\u00f3prio\u00a0<a href=\"https:\/\/contrafcut.com.br\/noticias\/novaes-volta-a-se-contradizer-em-entrevista-a-imprensa\/\" target=\"_blank\" rel=\"noopener noreferrer\">presidente do banco<\/a>\u00a0e a timidez do BB em atuar no cr\u00e9dito neste momento de pandemia sinalizam que a inten\u00e7\u00e3o deles \u00e9 privatizar esta institui\u00e7\u00e3o secular, que sempre esteve a servi\u00e7o da sociedade brasileira, sempre atuando em momentos de crises para garantir a continuidade dos servi\u00e7os banc\u00e1rios e da bancariza\u00e7\u00e3o. Querem vender este patrim\u00f4nio do Brasil a troco de bananas\u201d, disse Fukunaga. \u201cPor isso, \u00e9 urgente a necessidade de organizarmos nossa Campanha Nacional e a defesa do banco que \u00e9 do Brasil\u201d, concluiu.<\/p>\n<p><strong>Fonte: Contraf-CUT<\/strong><\/p>\n","protected":false},"excerpt":{"rendered":"<p>Funcion\u00e1rios do Banco do Brasil realizam nos dias 11 e 12 de julho seu 31\u00ba Congresso Nacional. Ser\u00e1 a primeira vez na hist\u00f3ria que o Congresso ser\u00e1 realizado por videoconfer\u00eancia, em decorr\u00eancia da pandemia causada pelo novo coronav\u00edrus. O Comando Nacional dos Banc\u00e1rios debateu longamente para\u00a0adequar o calend\u00e1rio e redimensionar o 31\u00ba CNFBB, de maneira [&hellip;]<\/p>\n","protected":false},"author":2,"featured_media":9105,"comment_status":"","ping_status":"","sticky":false,"template":"","format":"standard","meta":{"footnotes":""},"categories":[3],"tags":[],"class_list":["post-9106","post","type-post","status-publish","format-standard","has-post-thumbnail","hentry","category-noticias"],"_links":{"self":[{"href":"https:\/\/hostnetart.com.br\/baixada\/wp-json\/wp\/v2\/posts\/9106","targetHints":{"allow":["GET"]}}],"collection":[{"href":"https:\/\/hostnetart.com.br\/baixada\/wp-json\/wp\/v2\/posts"}],"about":[{"href":"https:\/\/hostnetart.com.br\/baixada\/wp-json\/wp\/v2\/types\/post"}],"author":[{"embeddable":true,"href":"https:\/\/hostnetart.com.br\/baixada\/wp-json\/wp\/v2\/users\/2"}],"replies":[{"embeddable":true,"href":"https:\/\/hostnetart.com.br\/baixada\/wp-json\/wp\/v2\/comments?post=9106"}],"version-history":[{"count":0,"href":"https:\/\/hostnetart.com.br\/baixada\/wp-json\/wp\/v2\/posts\/9106\/revisions"}],"wp:featuredmedia":[{"embeddable":true,"href":"https:\/\/hostnetart.com.br\/baixada\/wp-json\/wp\/v2\/media\/9105"}],"wp:attachment":[{"href":"https:\/\/hostnetart.com.br\/baixada\/wp-json\/wp\/v2\/media?parent=9106"}],"wp:term":[{"taxonomy":"category","embeddable":true,"href":"https:\/\/hostnetart.com.br\/baixada\/wp-json\/wp\/v2\/categories?post=9106"},{"taxonomy":"post_tag","embeddable":true,"href":"https:\/\/hostnetart.com.br\/baixada\/wp-json\/wp\/v2\/tags?post=9106"}],"curies":[{"name":"wp","href":"https:\/\/api.w.org\/{rel}","templated":true}]}}