{"id":9104,"date":"2020-06-23T03:42:09","date_gmt":"2020-06-23T06:42:09","guid":{"rendered":"https:\/\/hostnetart.com.br\/baixada\/contraf-cut-cobra-reabertura-de-negociacoes-com-a-caixa\/"},"modified":"2020-06-23T03:42:09","modified_gmt":"2020-06-23T06:42:09","slug":"contraf-cut-cobra-reabertura-de-negociacoes-com-a-caixa","status":"publish","type":"post","link":"https:\/\/hostnetart.com.br\/baixada\/contraf-cut-cobra-reabertura-de-negociacoes-com-a-caixa\/","title":{"rendered":"Contraf-CUT cobra reabertura de negocia\u00e7\u00f5es com a Caixa"},"content":{"rendered":"<p>A Confedera\u00e7\u00e3o Nacional dos Trabalhadores do Ramo Financeiro (Contraf-CUT) enviou\u00a0<a href=\"https:\/\/contrafcut.com.br\/wp-content\/uploads\/2020\/06\/of-11420-cef-solicitacao-de-esclarecimento-sobre-convocatoria-de-empregados-covid-19.pdf?x88780\" target=\"_blank\" rel=\"noopener noreferrer\">of\u00edcio<\/a>, nesta segunda-feira (22), \u00e0 Caixa Econ\u00f4mica reivindicando a reabertura das negocia\u00e7\u00f5es. O pedido, que j\u00e1 foi feito em outros documentos, foi motivado \u2013 desta vez \u2013 pela convoca\u00e7\u00e3o para o trabalho presencial de empregados de diversas \u00e1reas-meio, sem negocia\u00e7\u00e3o com as entidades que representam os trabalhadores.<\/p>\n<p>A medida contraia\u00a0<a href=\"https:\/\/contrafcut.com.br\/noticias\/contraf-cut-cobra-manutencao-do-projeto-remoto-na-caixa\/\" target=\"_blank\" rel=\"noopener noreferrer\">o comunicado feito pelo pr\u00f3prio banco no dia 12 de junho, quando foi ratificada a manuten\u00e7\u00e3o do Projeto Remoto<\/a>\u00a0e das medidas protetivas aos empregados em fun\u00e7\u00e3o dos riscos causados pela pandemia do novo coronav\u00edrus, at\u00e9 30 de junho. Vai contra tamb\u00e9m o\u00a0<a href=\"https:\/\/contrafcut.com.br\/noticias\/caixa-reforca-compromisso-de-adotar-boas-praticas-de-prevencao-a-covid-19\/\" target=\"_blank\" rel=\"noopener noreferrer\">\u201cProtocolo de Inten\u00e7\u00f5es\u201d assinado pela Contraf-CUT, pelo Minist\u00e9rio P\u00fablico do Trabalho, pelo Minist\u00e9rio P\u00fablico Federal e pela Caixa Econ\u00f4mica Federal para a ado\u00e7\u00e3o de pr\u00e1ticas na preven\u00e7\u00e3o de contamina\u00e7\u00e3o da COVID-19 no acesso aos servi\u00e7os banc\u00e1rio<\/a>s.<\/p>\n<p>Para Fabiana Uehara Proscholdt, coordenadora do GT, membra do Conselho de Usu\u00e1rios e secret\u00e1ria da Cultura e representante da Confedera\u00e7\u00e3o Nacional dos Trabalhadores no Ramo Financeiro (Contraf-CUT) nas negocia\u00e7\u00f5es com o banco, a Caixa demonstra todo o seu desrespeito aos empregados e aos processos negociais com as representa\u00e7\u00f5es sindicais. \u201cOs empregados aguardam por coer\u00eancia da dire\u00e7\u00e3o da Caixa. O m\u00ednimo que se espera da dire\u00e7\u00e3o do banco que tanto faz propaganda do aux\u00edlio emergencial, enaltecendo os empregados, que realmente se preocupe e os valorize. Essa valoriza\u00e7\u00e3o passa por resguardar a sa\u00fade f\u00edsica e mental dos trabalhadores. Chamar os empregados pra trabalharem presencialmente nas unidades administrativas sem necessidade, j\u00e1 que est\u00e3o produzindo at\u00e9 muito mais no home office, e colocando-os em risco de contamina\u00e7\u00e3o \u00e9, no m\u00ednimo, criminoso. Exigimos respeito!\u201d<\/p>\n<p><strong>Fonte: Contraf-CUT<\/strong><\/p>\n","protected":false},"excerpt":{"rendered":"<p>A Confedera\u00e7\u00e3o Nacional dos Trabalhadores do Ramo Financeiro (Contraf-CUT) enviou\u00a0of\u00edcio, nesta segunda-feira (22), \u00e0 Caixa Econ\u00f4mica reivindicando a reabertura das negocia\u00e7\u00f5es. O pedido, que j\u00e1 foi feito em outros documentos, foi motivado \u2013 desta vez \u2013 pela convoca\u00e7\u00e3o para o trabalho presencial de empregados de diversas \u00e1reas-meio, sem negocia\u00e7\u00e3o com as entidades que representam os [&hellip;]<\/p>\n","protected":false},"author":2,"featured_media":9103,"comment_status":"","ping_status":"","sticky":false,"template":"","format":"standard","meta":{"footnotes":""},"categories":[3],"tags":[],"class_list":["post-9104","post","type-post","status-publish","format-standard","has-post-thumbnail","hentry","category-noticias"],"_links":{"self":[{"href":"https:\/\/hostnetart.com.br\/baixada\/wp-json\/wp\/v2\/posts\/9104","targetHints":{"allow":["GET"]}}],"collection":[{"href":"https:\/\/hostnetart.com.br\/baixada\/wp-json\/wp\/v2\/posts"}],"about":[{"href":"https:\/\/hostnetart.com.br\/baixada\/wp-json\/wp\/v2\/types\/post"}],"author":[{"embeddable":true,"href":"https:\/\/hostnetart.com.br\/baixada\/wp-json\/wp\/v2\/users\/2"}],"replies":[{"embeddable":true,"href":"https:\/\/hostnetart.com.br\/baixada\/wp-json\/wp\/v2\/comments?post=9104"}],"version-history":[{"count":0,"href":"https:\/\/hostnetart.com.br\/baixada\/wp-json\/wp\/v2\/posts\/9104\/revisions"}],"wp:featuredmedia":[{"embeddable":true,"href":"https:\/\/hostnetart.com.br\/baixada\/wp-json\/wp\/v2\/media\/9103"}],"wp:attachment":[{"href":"https:\/\/hostnetart.com.br\/baixada\/wp-json\/wp\/v2\/media?parent=9104"}],"wp:term":[{"taxonomy":"category","embeddable":true,"href":"https:\/\/hostnetart.com.br\/baixada\/wp-json\/wp\/v2\/categories?post=9104"},{"taxonomy":"post_tag","embeddable":true,"href":"https:\/\/hostnetart.com.br\/baixada\/wp-json\/wp\/v2\/tags?post=9104"}],"curies":[{"name":"wp","href":"https:\/\/api.w.org\/{rel}","templated":true}]}}