{"id":9102,"date":"2020-06-22T10:36:32","date_gmt":"2020-06-22T13:36:32","guid":{"rendered":"https:\/\/hostnetart.com.br\/baixada\/sem-negociacao-direcao-da-caixa-convoca-empregados-ao-trabalho-presencial\/"},"modified":"2020-06-22T10:36:32","modified_gmt":"2020-06-22T13:36:32","slug":"sem-negociacao-direcao-da-caixa-convoca-empregados-ao-trabalho-presencial","status":"publish","type":"post","link":"https:\/\/hostnetart.com.br\/baixada\/sem-negociacao-direcao-da-caixa-convoca-empregados-ao-trabalho-presencial\/","title":{"rendered":"Sem negocia\u00e7\u00e3o, dire\u00e7\u00e3o da Caixa convoca empregados ao trabalho presencial"},"content":{"rendered":"<p>O movimento sindical tem recebido den\u00fancias a respeito da convoca\u00e7\u00e3o para o trabalho presencial de empregados de diversas \u00e1reas-meio, a partir de quinta-feira 18. A princ\u00edpio, o chamado seria para os empregados ligados \u00e0 determinadas \u00e1reas, mas ap\u00f3s a apura\u00e7\u00e3o das den\u00fancias de diversas \u00e1reas, descobriu-se que ser\u00e3o convocados os trabalhadores de todas as concentra\u00e7\u00f5es no pa\u00eds.<\/p>\n<p>Dion\u00edsio Reis, coordenador da Comiss\u00e3o Executiva dos Empregados (CEE\/ Caixa), destaca que o retorno foi sem negocia\u00e7\u00e3o com as entidades que representam os trabalhadores e que as vice-presid\u00eancias t\u00eam informado, em reuni\u00f5es virtuais, que 30% dos empregados de todas as \u00e1reas devem retornar ao trabalho presencial, incluindo os coordenadores e supervisores que j\u00e1 voltaram na segunda-feira 15. E orienta aos demais empregados que tamb\u00e9m foram convocados a fazerem den\u00fancias ao seu sindicato.<\/p>\n<p>\u201cEstamos apurando sobre essa convoca\u00e7\u00e3o vamos buscar a ger\u00eancia de cada filial e cobrar consci\u00eancia nesse momento. N\u00e3o houve negocia\u00e7\u00e3o com o movimento sindical e muito menos informa\u00e7\u00e3o sobre testagem dos empregados que dividir\u00e3o o mesmo ambiente de trabalho ou de fornecimento de equipamentos de prote\u00e7\u00e3o, como m\u00e1scaras ou \u00e1lcool em gel, conforme hav\u00edamos anteriormente cobrado. Ao inv\u00e9s da Caixa cumprir o Protocolo de Inten\u00e7\u00f5es, ela utiliza de um crit\u00e9rio pr\u00f3prio que \u00e9 prejudicial \u00e0 sa\u00fade e \u00e0 seguran\u00e7a de todos. O tratamento \u00e9 desigual com o grupo de risco e os terceirizados n\u00e3o t\u00eam garantia nenhuma\u201d, afirma Dion\u00edsio Reis.<\/p>\n<p>O coordenador tamb\u00e9m comenta que a Caixa est\u00e1 na contram\u00e3o dos outros bancos. Al\u00e9m de n\u00e3o respeitar o hor\u00e1rio reduzido para prevenir o cont\u00e1gio, o banco ignorou a pandemia ao voltar com os processos seletivos. O que aumenta ainda mais a press\u00e3o em cima dos trabalhadores para que consigam bater suas metas, ainda mais abusivas, no hor\u00e1rio estendido.<\/p>\n<p>\u201cA Caixa est\u00e1 usando o hor\u00e1rio estendido, que deveria ser para o pagamento do Aux\u00edlio Emergencial, para que os empregados vendam produtos e batam as metas que est\u00e3o ainda mais abusivas, desrespeitando assim, o momento complicado devido a pandemia. Diante de mais esse descaso com os empregados, cobramos uma negocia\u00e7\u00e3o pelos pr\u00f3ximos dias, caso n\u00e3o ocorra, vamos tomar medidas mais dr\u00e1sticas\u201d, finaliza o dirigente.<\/p>\n<h3>Trabalho remoto<\/h3>\n<p>O movimento sindical j\u00e1 vem cobrando negocia\u00e7\u00e3o sobre esses temas. A Comiss\u00e3o Executiva dos Empregados da Caixa cobra respeito a vida dos trabalhadores e que qualquer retorno a rotina de trabalho presencial deve ser discutido com os representantes dos empregados.<\/p>\n<p><strong>Fonte: Contraf-CUT<\/strong><\/p>\n","protected":false},"excerpt":{"rendered":"<p>O movimento sindical tem recebido den\u00fancias a respeito da convoca\u00e7\u00e3o para o trabalho presencial de empregados de diversas \u00e1reas-meio, a partir de quinta-feira 18. A princ\u00edpio, o chamado seria para os empregados ligados \u00e0 determinadas \u00e1reas, mas ap\u00f3s a apura\u00e7\u00e3o das den\u00fancias de diversas \u00e1reas, descobriu-se que ser\u00e3o convocados os trabalhadores de todas as concentra\u00e7\u00f5es [&hellip;]<\/p>\n","protected":false},"author":2,"featured_media":9101,"comment_status":"","ping_status":"","sticky":false,"template":"","format":"standard","meta":{"footnotes":""},"categories":[3],"tags":[],"class_list":["post-9102","post","type-post","status-publish","format-standard","has-post-thumbnail","hentry","category-noticias"],"_links":{"self":[{"href":"https:\/\/hostnetart.com.br\/baixada\/wp-json\/wp\/v2\/posts\/9102","targetHints":{"allow":["GET"]}}],"collection":[{"href":"https:\/\/hostnetart.com.br\/baixada\/wp-json\/wp\/v2\/posts"}],"about":[{"href":"https:\/\/hostnetart.com.br\/baixada\/wp-json\/wp\/v2\/types\/post"}],"author":[{"embeddable":true,"href":"https:\/\/hostnetart.com.br\/baixada\/wp-json\/wp\/v2\/users\/2"}],"replies":[{"embeddable":true,"href":"https:\/\/hostnetart.com.br\/baixada\/wp-json\/wp\/v2\/comments?post=9102"}],"version-history":[{"count":0,"href":"https:\/\/hostnetart.com.br\/baixada\/wp-json\/wp\/v2\/posts\/9102\/revisions"}],"wp:featuredmedia":[{"embeddable":true,"href":"https:\/\/hostnetart.com.br\/baixada\/wp-json\/wp\/v2\/media\/9101"}],"wp:attachment":[{"href":"https:\/\/hostnetart.com.br\/baixada\/wp-json\/wp\/v2\/media?parent=9102"}],"wp:term":[{"taxonomy":"category","embeddable":true,"href":"https:\/\/hostnetart.com.br\/baixada\/wp-json\/wp\/v2\/categories?post=9102"},{"taxonomy":"post_tag","embeddable":true,"href":"https:\/\/hostnetart.com.br\/baixada\/wp-json\/wp\/v2\/tags?post=9102"}],"curies":[{"name":"wp","href":"https:\/\/api.w.org\/{rel}","templated":true}]}}