{"id":9098,"date":"2020-06-18T17:39:11","date_gmt":"2020-06-18T20:39:11","guid":{"rendered":"https:\/\/hostnetart.com.br\/baixada\/empregados-cobram-cumprimento-do-protocolo-de-intencoes-assinado-pela-caixa\/"},"modified":"2020-06-18T17:39:11","modified_gmt":"2020-06-18T20:39:11","slug":"empregados-cobram-cumprimento-do-protocolo-de-intencoes-assinado-pela-caixa","status":"publish","type":"post","link":"https:\/\/hostnetart.com.br\/baixada\/empregados-cobram-cumprimento-do-protocolo-de-intencoes-assinado-pela-caixa\/","title":{"rendered":"Empregados cobram cumprimento do protocolo de inten\u00e7\u00f5es assinado pela Caixa"},"content":{"rendered":"<p>A Comiss\u00e3o Executiva dos Empregados da Caixa (CEE\/Caixa) cobrou do banco p\u00fablico o cumprimento do\u00a0<a href=\"https:\/\/contrafcut.com.br\/noticias\/caixa-reforca-compromisso-de-adotar-boas-praticas-de-prevencao-a-covid-19\/\" target=\"_blank\" rel=\"noopener noreferrer\">Protocolo de Inten\u00e7\u00f5es, que visa ado\u00e7\u00e3o de boas pr\u00e1ticas na preven\u00e7\u00e3o de contamina\u00e7\u00e3o da Covid-19 no acesso aos servi\u00e7os banc\u00e1rios<\/a>. A Caixa vem descumprindo o protocolo em pontos essenciais como a atua\u00e7\u00e3o referente ao grupo de risco mais abrangente e o afastamento dos trabalhadores terceirizados em caso de contamina\u00e7\u00e3o no local de trabalho. Outra medida em descumprimento \u00e9 a ado\u00e7\u00e3o do protocolo de afastamento imediato quando houver casos confirmados ou suspeitos de Covid-19 na unidade, com ado\u00e7\u00e3o de quarentena.<\/p>\n<p>Assinado em conjunto pela Confedera\u00e7\u00e3o Nacional dos Trabalhadores do Ramo Financeiro (Contraf-CUT), o Minist\u00e9rio P\u00fablico do Trabalho (MPT), o Minist\u00e9rio P\u00fablico Federal (MPF) e a Caixa Econ\u00f4mica Federal, o documento traz compromissos assumidos pela Caixa para evitar a contamina\u00e7\u00e3o dos empregados, terceirizados e da popula\u00e7\u00e3o que precisa da Caixa para o pagamento do aux\u00edlio emergencial.<\/p>\n<p>\u201cA assinatura do protocolo de inten\u00e7\u00e3o foi uma \u00f3tima iniciativa, no entanto \u00e9 imperativo, aos trabalhadores da Caixa e \u00e0 popula\u00e7\u00e3o, para a preserva\u00e7\u00e3o da vida que os protocolos sejam readequados\u201d, afirmou o coordenador da CEE\/Caixa, Dion\u00edsio Reis.<\/p>\n<p>Tamb\u00e9m \u00e9 necess\u00e1rio rever a ado\u00e7\u00e3o do par\u00e2metro subjetivo como o contato, previsto no novo protocolo do banco. Segundo orienta\u00e7\u00e3o, s\u00f3 ser\u00e3o afastados aqueles que tiveram contato f\u00edsico direto a um 1,5 metro do infectado, desconsiderando que o v\u00edrus se aloja nas superf\u00edcies e locais. \u201cOs \u00edndices verificados do cont\u00e1gio e adoecimento no pa\u00eds justificam essas medidas. N\u00e3o \u00e9 o momento de abrandar os protocolos. \u00c9 o momento de fortalecer a preven\u00e7\u00e3o e a promo\u00e7\u00e3o da sa\u00fade e a Caixa deve fazer isso\u201d, afirmou Dion\u00edsio.<\/p>\n<p>Em meados de maio, a Caixa divulgou novos protocolos, diminuindo a seguran\u00e7a da sa\u00fade dos empregados e da popula\u00e7\u00e3o. O banco abrandou as medidas que j\u00e1 estavam em protocolo, como a retirada da quarentena de at\u00e9 14 dias no caso de sintomas verificados em unidade. O texto diz que a confirma\u00e7\u00e3o da doen\u00e7a para fins de cumprimento de protocolo a partir de agora s\u00f3 com apresenta\u00e7\u00e3o do exame PCR. Antes, n\u00e3o mencionava o tipo de exame. Para os casos de confirma\u00e7\u00e3o ou suspeita da Covid-19, o protocolo alterou de cinco para sete dias corridos o prazo da quarentena para os que tiveram contato pr\u00f3ximo com o suspeito ou contaminado.<\/p>\n<p>Outro ponto importante da cobran\u00e7a \u00e9 a flexibiliza\u00e7\u00e3o dos protocolos de quarentena e afastamento dos grupos de risco para os trabalhadores terceirizados do banco. Sem a ado\u00e7\u00e3o do Protocolo 1 para esses trabalhadores, a Caixa exp\u00f5e todos os trabalhadores e a popula\u00e7\u00e3o ao risco de cont\u00e1gio da Covid-19. O assunto j\u00e1 vem sendo discutido nacionalmente pela Comiss\u00e3o Executiva dos Empregados (CEE) e pelo Comando Nacional com a Caixa e a Federa\u00e7\u00e3o Nacional dos Bancos (Fenaban), respectivamente.<\/p>\n<p>Na avalia\u00e7\u00e3o do presidente da Federa\u00e7\u00e3o Nacional das Associa\u00e7\u00f5es do Pessoal da Caixa Econ\u00f4mica Federal (Fenae), S\u00e9rgio Takemoto, o Protocolo de Inten\u00e7\u00f5es re\u00fane reivindica\u00e7\u00f5es importantes das entidades e devem ser cumpridas pela Caixa. \u201cN\u00f3s da Fenae e das entidades estamos cobrando a Caixa desde o in\u00edcio da pandemia e tivemos algumas conquistas. O Protocolo de Inten\u00e7\u00f5es \u00e9 um instrumento importante para compor nossas reivindica\u00e7\u00f5es, mas \u00e9 preciso que a Caixa cumpra os compromissos assumidos para proteger a sa\u00fade e a vida de todos os trabalhadores e da popula\u00e7\u00e3o que precisa da Caixa\u201d, avaliou Takemoto.<\/p>\n<h3><strong>Abaixo os trechos questionados pela CEE\/Caixa:<\/strong><\/h3>\n<ul>\n<li><strong>2.1.3\u00a0<\/strong>Adotar medidas efetivas para a prote\u00e7\u00e3o dos empregados e terceirizados das ag\u00eancias banc\u00e1rias, tanto para as atividades internas como externas, adotando, entre outras, principalmente aquelas que sejam mais efetivas ou que venham ser desenvolvidas e receituadas pelos organismos nacionais e internacionais de sa\u00fade.<\/li>\n<li><strong>2.1.3.3\u00a0<\/strong>Afastamento, ou coloca\u00e7\u00e3o em trabalho remoto, de empregados e terceirizados, sem preju\u00edzos de vencimentos, que estejam entre o denominado grupo de risco, como pessoas idosas, obesas, com problemas respirat\u00f3rios cr\u00f4nicos, problemas renais cr\u00f4nicos e outras comorbidades que agravem os riscos decorrentes da COVID 19;<\/li>\n<li><strong>2.1.3.4\u00a0<\/strong>Afastamento imediato de empregados e afastamento ou recomenda\u00e7\u00e3o de afastamento de terceirizados, sem preju\u00edzo de vencimentos, que apresentem sintomas, testem positivo ou apresentem ind\u00edcios de contamina\u00e7\u00e3o, de acordo com os protocolos m\u00e9dicos, com higieniza\u00e7\u00e3o imediata da respectiva ag\u00eancia banc\u00e1ria;<\/li>\n<\/ul>\n<p>Leia a\u00a0<a href=\"https:\/\/contrafcut.com.br\/wp-content\/uploads\/2020\/06\/protocolo-de-intenccca7occ83es-caixa-mpf-mpt-covid-assinada.pdf?x85106\" target=\"_blank\" rel=\"noopener noreferrer\">\u00edntegra do Protocolo de Inten\u00e7\u00f5es\u00a0<\/a>firmado entre o MPT, o MPF, a Caixa e a Contraf-CUT.<\/p>\n<p><strong>Fonte: Contraf-CUT<\/strong><\/p>\n","protected":false},"excerpt":{"rendered":"<p>A Comiss\u00e3o Executiva dos Empregados da Caixa (CEE\/Caixa) cobrou do banco p\u00fablico o cumprimento do\u00a0Protocolo de Inten\u00e7\u00f5es, que visa ado\u00e7\u00e3o de boas pr\u00e1ticas na preven\u00e7\u00e3o de contamina\u00e7\u00e3o da Covid-19 no acesso aos servi\u00e7os banc\u00e1rios. A Caixa vem descumprindo o protocolo em pontos essenciais como a atua\u00e7\u00e3o referente ao grupo de risco mais abrangente e o [&hellip;]<\/p>\n","protected":false},"author":2,"featured_media":9097,"comment_status":"","ping_status":"","sticky":false,"template":"","format":"standard","meta":{"footnotes":""},"categories":[3],"tags":[],"class_list":["post-9098","post","type-post","status-publish","format-standard","has-post-thumbnail","hentry","category-noticias"],"_links":{"self":[{"href":"https:\/\/hostnetart.com.br\/baixada\/wp-json\/wp\/v2\/posts\/9098","targetHints":{"allow":["GET"]}}],"collection":[{"href":"https:\/\/hostnetart.com.br\/baixada\/wp-json\/wp\/v2\/posts"}],"about":[{"href":"https:\/\/hostnetart.com.br\/baixada\/wp-json\/wp\/v2\/types\/post"}],"author":[{"embeddable":true,"href":"https:\/\/hostnetart.com.br\/baixada\/wp-json\/wp\/v2\/users\/2"}],"replies":[{"embeddable":true,"href":"https:\/\/hostnetart.com.br\/baixada\/wp-json\/wp\/v2\/comments?post=9098"}],"version-history":[{"count":0,"href":"https:\/\/hostnetart.com.br\/baixada\/wp-json\/wp\/v2\/posts\/9098\/revisions"}],"wp:featuredmedia":[{"embeddable":true,"href":"https:\/\/hostnetart.com.br\/baixada\/wp-json\/wp\/v2\/media\/9097"}],"wp:attachment":[{"href":"https:\/\/hostnetart.com.br\/baixada\/wp-json\/wp\/v2\/media?parent=9098"}],"wp:term":[{"taxonomy":"category","embeddable":true,"href":"https:\/\/hostnetart.com.br\/baixada\/wp-json\/wp\/v2\/categories?post=9098"},{"taxonomy":"post_tag","embeddable":true,"href":"https:\/\/hostnetart.com.br\/baixada\/wp-json\/wp\/v2\/tags?post=9098"}],"curies":[{"name":"wp","href":"https:\/\/api.w.org\/{rel}","templated":true}]}}