{"id":9096,"date":"2020-06-18T15:19:25","date_gmt":"2020-06-18T18:19:25","guid":{"rendered":"https:\/\/hostnetart.com.br\/baixada\/bancarios-denunciam-ataques-do-santander-com-demissoes-e-cortes\/"},"modified":"2020-06-18T15:19:25","modified_gmt":"2020-06-18T18:19:25","slug":"bancarios-denunciam-ataques-do-santander-com-demissoes-e-cortes","status":"publish","type":"post","link":"https:\/\/hostnetart.com.br\/baixada\/bancarios-denunciam-ataques-do-santander-com-demissoes-e-cortes\/","title":{"rendered":"Banc\u00e1rios denunciam ataques do Santander com demiss\u00f5es e cortes"},"content":{"rendered":"<p>Primeiro banco a\u00a0<a href=\"https:\/\/www.redebrasilatual.com.br\/trabalho\/2020\/05\/no-brasil-santander-recusa-se-a-respeitar-protocolo-sanitario-e-proteger-os-bancarios-diz-sindicato\/\" target=\"_blank\" rel=\"noopener noreferrer\">romper com o compromisso<\/a>\u00a0de n\u00e3o demitir funcion\u00e1rios em plena pandemia do novo coronav\u00edrus, o Santander ser\u00e1 tema de debate virtual promovido pelo Sindicato dos Banc\u00e1rios de S\u00e3o Paulo, Osasco e Regi\u00e3o, nesta quinta-feira (18), a partir das 19h30. Na\u00a0<em><a href=\"https:\/\/www.facebook.com\/SPBancarios\/photos\/pb.148396515363542.-2207520000..\/1421213171415197\/?type=3&amp;theater\" target=\"_blank\" rel=\"noopener noreferrer\">live<\/a><\/em>, que ser\u00e1 transmitida pelas redes sociais da entidade, especialistas revelam o panorama das demiss\u00f5es. E chamam aten\u00e7\u00e3o para os \u201cataques aos fundos de pens\u00e3o e planos de sa\u00fade dos trabalhadores\u201d que v\u00eam sendo promovidos pelo Santander Brasil.\u00a0<\/p>\n<p>O banco, de controle espanhol, chegou a declarar de forma p\u00fablica apoio \u00e0 campanha \u201cn\u00e3o demita\u201d, no in\u00edcio desta crise. Mas violou o compromisso no \u00faltimo dia 5 de junho, quando\u00a0<a href=\"https:\/\/www.redebrasilatual.com.br\/economia\/2020\/06\/santander-demite-pandem\/\" target=\"_blank\" rel=\"noopener noreferrer\">dispensou ao menos 15 trabalhadores<\/a>\u00a0sem justa causa. Funcion\u00e1rios do Santander ainda denunciam um aumento constante de cobran\u00e7as pelo cumprimento de metas, inclusive com amea\u00e7as de desligamento da empresa.\u00a0<\/p>\n<p>A dirigente e secret\u00e1ria executiva do Sindicato dos Banc\u00e1rios, Maria Rosani, debate as decis\u00f5es do banco com o presidente da Associa\u00e7\u00e3o dos Funcion\u00e1rios do Grupo Santander Banespa, Banesprev e Cabesp (Afubesp), Camilo Fernandes. Tamb\u00e9m participa da\u00a0<em>live<\/em>\u00a0o diretor t\u00e9cnico do Dieese, Fausto Augusto J\u00fanior.\u00a0<\/p>\n<h2><strong>#SantanderRespeiteOBrasil<\/strong><\/h2>\n<p>O debate \u00e9 parte da campanha\u00a0<a href=\"https:\/\/www.redebrasilatual.com.br\/trabalho\/2020\/06\/bancarios-fazem-atos-contra-abusos-do-santander-durante-a-pandemia\/\" target=\"_blank\" rel=\"noopener noreferrer\">#SantanderRespeiteOBrasil<\/a>. Nesta ter\u00e7a (16), banc\u00e1rios realizaram tamb\u00e9m atos em ag\u00eancias e departamentos da institui\u00e7\u00e3o financeira contra o que chamam de \u201carbitrariedades e abusos\u201d. O sindicato ainda teme\u00a0<a href=\"https:\/\/spbancarios.com.br\/06\/2020\/rial-quer-reduzir-salario-dos-bancarios\" target=\"_blank\" rel=\"noopener noreferrer\">cortes nos sal\u00e1rios e benef\u00edcios<\/a>\u00a0dos funcion\u00e1rios que est\u00e3o em\u00a0<em>home office<\/em>.<\/p>\n<p>A entidade lembra que nos \u00faltimos dias, o presidente do Santander no Brasil, S\u00e9rgio Rial, vem manifestando o interesse do banco em manter os trabalhadores em regime de teletrabalho permanente, reduzindo a remunera\u00e7\u00e3o e demais despesas.\u00a0<\/p>\n<p>\u201cNa Espanha, o Santander tem agido de forma totalmente diferente. O que deixa claro que por aqui a dire\u00e7\u00e3o optou por se alinhar com Bolsonaro na tentativa de enfraquecer as quarentenas e de prejudicar os trabalhadores\u201d, declarou Rosani em entrevista \u00e0\u00a0<strong>RBA<\/strong>. A dirigente critica o desprezo do banco pela realidade brasileira. Ainda no primeiro trimestre deste ano, o Santander registrou um ganho na ordem de R$ 3,8 bilh\u00f5es. O montante 10% maior do que o mesmo per\u00edodo em 2019.\u00a0<\/p>\n<p>Voc\u00ea pode acompanhar o debate virtual pelo<a href=\"https:\/\/www.facebook.com\/SPBancarios\" target=\"_blank\" rel=\"noopener noreferrer\">\u00a0Facebook<\/a>,\u00a0<a href=\"https:\/\/www.youtube.com\/user\/spbancarios\" target=\"_blank\" rel=\"noopener noreferrer\">Youtube<\/a>\u00a0e\u00a0<a href=\"https:\/\/twitter.com\/spbancarios\" target=\"_blank\" rel=\"noopener noreferrer\">Twitter<\/a>\u00a0do Sindicato dos Banc\u00e1rios.\u00a0<\/p>\n<p><span style=\"text-decoration: underline;\"><strong>Fonte: Rede Brasil Atual<\/strong><\/span><\/p>\n","protected":false},"excerpt":{"rendered":"<p>Primeiro banco a\u00a0romper com o compromisso\u00a0de n\u00e3o demitir funcion\u00e1rios em plena pandemia do novo coronav\u00edrus, o Santander ser\u00e1 tema de debate virtual promovido pelo Sindicato dos Banc\u00e1rios de S\u00e3o Paulo, Osasco e Regi\u00e3o, nesta quinta-feira (18), a partir das 19h30. Na\u00a0live, que ser\u00e1 transmitida pelas redes sociais da entidade, especialistas revelam o panorama das demiss\u00f5es. [&hellip;]<\/p>\n","protected":false},"author":2,"featured_media":9095,"comment_status":"","ping_status":"","sticky":false,"template":"","format":"standard","meta":{"footnotes":""},"categories":[3],"tags":[],"class_list":["post-9096","post","type-post","status-publish","format-standard","has-post-thumbnail","hentry","category-noticias"],"_links":{"self":[{"href":"https:\/\/hostnetart.com.br\/baixada\/wp-json\/wp\/v2\/posts\/9096","targetHints":{"allow":["GET"]}}],"collection":[{"href":"https:\/\/hostnetart.com.br\/baixada\/wp-json\/wp\/v2\/posts"}],"about":[{"href":"https:\/\/hostnetart.com.br\/baixada\/wp-json\/wp\/v2\/types\/post"}],"author":[{"embeddable":true,"href":"https:\/\/hostnetart.com.br\/baixada\/wp-json\/wp\/v2\/users\/2"}],"replies":[{"embeddable":true,"href":"https:\/\/hostnetart.com.br\/baixada\/wp-json\/wp\/v2\/comments?post=9096"}],"version-history":[{"count":0,"href":"https:\/\/hostnetart.com.br\/baixada\/wp-json\/wp\/v2\/posts\/9096\/revisions"}],"wp:featuredmedia":[{"embeddable":true,"href":"https:\/\/hostnetart.com.br\/baixada\/wp-json\/wp\/v2\/media\/9095"}],"wp:attachment":[{"href":"https:\/\/hostnetart.com.br\/baixada\/wp-json\/wp\/v2\/media?parent=9096"}],"wp:term":[{"taxonomy":"category","embeddable":true,"href":"https:\/\/hostnetart.com.br\/baixada\/wp-json\/wp\/v2\/categories?post=9096"},{"taxonomy":"post_tag","embeddable":true,"href":"https:\/\/hostnetart.com.br\/baixada\/wp-json\/wp\/v2\/tags?post=9096"}],"curies":[{"name":"wp","href":"https:\/\/api.w.org\/{rel}","templated":true}]}}