{"id":9094,"date":"2020-06-18T15:18:04","date_gmt":"2020-06-18T18:18:04","guid":{"rendered":"https:\/\/hostnetart.com.br\/baixada\/fenacrefi-responde-na-proxima-semana-pauta-de-reivindicacao-dos-financiarios-da-campanha-nacional-2020\/"},"modified":"2020-06-18T15:18:04","modified_gmt":"2020-06-18T18:18:04","slug":"fenacrefi-responde-na-proxima-semana-pauta-de-reivindicacao-dos-financiarios-da-campanha-nacional-2020","status":"publish","type":"post","link":"https:\/\/hostnetart.com.br\/baixada\/fenacrefi-responde-na-proxima-semana-pauta-de-reivindicacao-dos-financiarios-da-campanha-nacional-2020\/","title":{"rendered":"Fenacrefi responde na pr\u00f3xima semana pauta de reivindica\u00e7\u00e3o dos financi\u00e1rios da Campanha Nacional 2020"},"content":{"rendered":"<p>A Federa\u00e7\u00e3o Interestadual das Institui\u00e7\u00f5es de Cr\u00e9dito, Financiamento e Investimento (Fenacrefi) retornou, na tarde desta quarta-feira (23), para a Comiss\u00e3o de Organiza\u00e7\u00e3o dos Financi\u00e1rios sobre a\u00a0<a href=\"https:\/\/contrafcut.com.br\/noticias\/financiarios-encaminham-pauta-de-reinvindicacoes-da-campanha-nacional-2020-a-fenacrefi\/\" target=\"_blank\" rel=\"noopener noreferrer\">pauta de reivindica\u00e7\u00f5es, com data-base em 1 de junho, enviada no dia 10 de junho<\/a>.<\/p>\n<p>A Fenacrefi se comprometeu responder o documento na pr\u00f3xima semana, ap\u00f3s reuni\u00e3o entre as financeiras, marcada para a pr\u00f3xima ter\u00e7a-feira (23).<\/p>\n<p><strong>Fonte: Contraf-CUT<\/strong><\/p>\n","protected":false},"excerpt":{"rendered":"<p>A Federa\u00e7\u00e3o Interestadual das Institui\u00e7\u00f5es de Cr\u00e9dito, Financiamento e Investimento (Fenacrefi) retornou, na tarde desta quarta-feira (23), para a Comiss\u00e3o de Organiza\u00e7\u00e3o dos Financi\u00e1rios sobre a\u00a0pauta de reivindica\u00e7\u00f5es, com data-base em 1 de junho, enviada no dia 10 de junho. A Fenacrefi se comprometeu responder o documento na pr\u00f3xima semana, ap\u00f3s reuni\u00e3o entre as financeiras, [&hellip;]<\/p>\n","protected":false},"author":2,"featured_media":9093,"comment_status":"","ping_status":"","sticky":false,"template":"","format":"standard","meta":{"footnotes":""},"categories":[3],"tags":[],"class_list":["post-9094","post","type-post","status-publish","format-standard","has-post-thumbnail","hentry","category-noticias"],"_links":{"self":[{"href":"https:\/\/hostnetart.com.br\/baixada\/wp-json\/wp\/v2\/posts\/9094","targetHints":{"allow":["GET"]}}],"collection":[{"href":"https:\/\/hostnetart.com.br\/baixada\/wp-json\/wp\/v2\/posts"}],"about":[{"href":"https:\/\/hostnetart.com.br\/baixada\/wp-json\/wp\/v2\/types\/post"}],"author":[{"embeddable":true,"href":"https:\/\/hostnetart.com.br\/baixada\/wp-json\/wp\/v2\/users\/2"}],"replies":[{"embeddable":true,"href":"https:\/\/hostnetart.com.br\/baixada\/wp-json\/wp\/v2\/comments?post=9094"}],"version-history":[{"count":0,"href":"https:\/\/hostnetart.com.br\/baixada\/wp-json\/wp\/v2\/posts\/9094\/revisions"}],"wp:featuredmedia":[{"embeddable":true,"href":"https:\/\/hostnetart.com.br\/baixada\/wp-json\/wp\/v2\/media\/9093"}],"wp:attachment":[{"href":"https:\/\/hostnetart.com.br\/baixada\/wp-json\/wp\/v2\/media?parent=9094"}],"wp:term":[{"taxonomy":"category","embeddable":true,"href":"https:\/\/hostnetart.com.br\/baixada\/wp-json\/wp\/v2\/categories?post=9094"},{"taxonomy":"post_tag","embeddable":true,"href":"https:\/\/hostnetart.com.br\/baixada\/wp-json\/wp\/v2\/tags?post=9094"}],"curies":[{"name":"wp","href":"https:\/\/api.w.org\/{rel}","templated":true}]}}