{"id":9092,"date":"2020-06-17T22:20:16","date_gmt":"2020-06-18T01:20:16","guid":{"rendered":"https:\/\/hostnetart.com.br\/baixada\/banco-mercantil-descumpre-compromisso-de-nao-demitir-trabalhadores\/"},"modified":"2020-06-17T22:20:16","modified_gmt":"2020-06-18T01:20:16","slug":"banco-mercantil-descumpre-compromisso-de-nao-demitir-trabalhadores","status":"publish","type":"post","link":"https:\/\/hostnetart.com.br\/baixada\/banco-mercantil-descumpre-compromisso-de-nao-demitir-trabalhadores\/","title":{"rendered":"Banco Mercantil descumpre compromisso de n\u00e3o demitir trabalhadores"},"content":{"rendered":"<p>O Banco Mercantil n\u00e3o assumiu os compromissos de suspender as 60 demiss\u00f5es feitas em todo o Brasil e de cumprir o acordo do in\u00edcio da pandemia do coronav\u00edrus (Covid-19) de n\u00e3o realizar demiss\u00f5es durante este per\u00edodo, e encerrou a mesa de negocia\u00e7\u00f5es realizada por videoconfer\u00eancia, na tarde desta quarta-feira (17).<\/p>\n<p>\u201cO banco precisa entender que numa mesa de negocia\u00e7\u00e3o \u00e9 necess\u00e1rio compromisso para avan\u00e7ar nas reivindica\u00e7\u00f5es do movimento sindical, que s\u00e3o a preserva\u00e7\u00e3o do emprego, dos sal\u00e1rios e o mais importante da vida\u201d, lembrou Magaly Fagundes, membra do Comando Nacional dos Banc\u00e1rios, que conduziu as negocia\u00e7\u00f5es.<\/p>\n<p>O\u00a0<a href=\"https:\/\/contrafcut.com.br\/noticias\/mercantil-do-brasil-demite-trabalhadores-em-plena-pandemia\/\" target=\"_blank\" rel=\"noopener noreferrer\">Mercantil justificou as demiss\u00f5es com um processo de reestrutura\u00e7\u00e3o, a qual n\u00e3o foi discutida com o movimento sindical,<\/a>\u00a0e que os trabalhadores em quest\u00e3o, n\u00e3o teriam fun\u00e7\u00e3o compat\u00edvel com o sal\u00e1rio que recebiam. \u201cN\u00f3s queremos mais transpar\u00eancia sobre os n\u00fameros desta reestrutura\u00e7\u00e3o. Se o banco j\u00e1 encerrou o processo, n\u00e3o tem porque demitir mais trabalhadores\u201d, afirmou.<\/p>\n<p>Antes do encerramento, os trabalhadores conquistaram a reabertura da copa, que havia sido fechada e impossibilitava a alimenta\u00e7\u00e3o dos funcion\u00e1rios, j\u00e1 que todos os restaurantes est\u00e3o trabalhando apenas com entregas. Foi reivindicado ainda, o fim da cobran\u00e7a de metas e o cumprimento da jornada reduzida.<\/p>\n<p>\u201cEstamos recebendo den\u00fancias de que o banco n\u00e3o cumpre nem os acordos garantidos na mesa unificada de negocia\u00e7\u00e3o entre o Comando Nacional dos Banc\u00e1rios e a Federa\u00e7\u00e3o Nacional dos Bancos (Fenaban)\u201d, explicou Marco Aur\u00e9lio Alves, coordenador da Comiss\u00e3o de Organiza\u00e7\u00e3o dos Empregados (COE) do Mercantil.<\/p>\n<p>Uma vit\u00f3ria dos trabalhadores \u00e9 o compromisso da constru\u00e7\u00e3o de um acordo para os funcion\u00e1rios que est\u00e3o em teletrabalho, mas sem fun\u00e7\u00e3o.<\/p>\n<p><strong>Fonte: Contraf-CUT<\/strong><\/p>\n","protected":false},"excerpt":{"rendered":"<p>O Banco Mercantil n\u00e3o assumiu os compromissos de suspender as 60 demiss\u00f5es feitas em todo o Brasil e de cumprir o acordo do in\u00edcio da pandemia do coronav\u00edrus (Covid-19) de n\u00e3o realizar demiss\u00f5es durante este per\u00edodo, e encerrou a mesa de negocia\u00e7\u00f5es realizada por videoconfer\u00eancia, na tarde desta quarta-feira (17). \u201cO banco precisa entender que [&hellip;]<\/p>\n","protected":false},"author":2,"featured_media":9091,"comment_status":"","ping_status":"","sticky":false,"template":"","format":"standard","meta":{"footnotes":""},"categories":[3],"tags":[],"class_list":["post-9092","post","type-post","status-publish","format-standard","has-post-thumbnail","hentry","category-noticias"],"_links":{"self":[{"href":"https:\/\/hostnetart.com.br\/baixada\/wp-json\/wp\/v2\/posts\/9092","targetHints":{"allow":["GET"]}}],"collection":[{"href":"https:\/\/hostnetart.com.br\/baixada\/wp-json\/wp\/v2\/posts"}],"about":[{"href":"https:\/\/hostnetart.com.br\/baixada\/wp-json\/wp\/v2\/types\/post"}],"author":[{"embeddable":true,"href":"https:\/\/hostnetart.com.br\/baixada\/wp-json\/wp\/v2\/users\/2"}],"replies":[{"embeddable":true,"href":"https:\/\/hostnetart.com.br\/baixada\/wp-json\/wp\/v2\/comments?post=9092"}],"version-history":[{"count":0,"href":"https:\/\/hostnetart.com.br\/baixada\/wp-json\/wp\/v2\/posts\/9092\/revisions"}],"wp:featuredmedia":[{"embeddable":true,"href":"https:\/\/hostnetart.com.br\/baixada\/wp-json\/wp\/v2\/media\/9091"}],"wp:attachment":[{"href":"https:\/\/hostnetart.com.br\/baixada\/wp-json\/wp\/v2\/media?parent=9092"}],"wp:term":[{"taxonomy":"category","embeddable":true,"href":"https:\/\/hostnetart.com.br\/baixada\/wp-json\/wp\/v2\/categories?post=9092"},{"taxonomy":"post_tag","embeddable":true,"href":"https:\/\/hostnetart.com.br\/baixada\/wp-json\/wp\/v2\/tags?post=9092"}],"curies":[{"name":"wp","href":"https:\/\/api.w.org\/{rel}","templated":true}]}}