{"id":9090,"date":"2020-06-17T04:13:06","date_gmt":"2020-06-17T07:13:06","guid":{"rendered":"https:\/\/hostnetart.com.br\/baixada\/denuncias-contra-o-santander-ficam-entre-os-assuntos-mais-comentados-no-twitter\/"},"modified":"2020-06-17T04:13:06","modified_gmt":"2020-06-17T07:13:06","slug":"denuncias-contra-o-santander-ficam-entre-os-assuntos-mais-comentados-no-twitter","status":"publish","type":"post","link":"https:\/\/hostnetart.com.br\/baixada\/denuncias-contra-o-santander-ficam-entre-os-assuntos-mais-comentados-no-twitter\/","title":{"rendered":"Den\u00fancias contra o Santander ficam entre os assuntos mais comentados no Twitter"},"content":{"rendered":"<p>Sindicatos de todo o Brasil realizaram, nesta ter\u00e7a-feira (16), manifesta\u00e7\u00f5es para denunciar as arbitrariedades do Santander. O banco \u00e9 acusado de cobran\u00e7a de metas inating\u00edveis e demiss\u00e3o dos funcion\u00e1rios que n\u00e3o as cumprem, mesmo ap\u00f3s ter assumido compromisso de que n\u00e3o demitiria funcion\u00e1rios durante a pandemia.<\/p>\n<p>Al\u00e9m das\u00a0<a href=\"https:\/\/www.facebook.com\/pg\/contrafcut\/photos\/?tab=album&amp;album_id=3591702107509465\" target=\"_blank\" rel=\"noopener noreferrer\">atividades ocorridas nas portas de ag\u00eancias e departamentos do banco<\/a>, os sindicatos convidaram funcion\u00e1rios, clientes e toda a popula\u00e7\u00e3o a se manifestar nas redes sociais sobre os fatos que envolvem o banco. Entre 12h e 13h houve um tuita\u00e7o com a hashtag #SantanderRespeiteOBrasil, que levou as den\u00fancias aos assuntos mais comentados do Twitter.<\/p>\n<p>\u201cEsta foi uma das a\u00e7\u00f5es que pensamos em realizar para defender os interesses dos funcion\u00e1rios, que est\u00e3o sujeitos ao cumprimento de\u00a0<a href=\"https:\/\/spbancarios.com.br\/06\/2020\/metas-no-santander-crescem-na-pandemia\" target=\"_blank\" rel=\"noopener noreferrer\">metas inating\u00edveis<\/a>\u00a0para que n\u00e3o sejam demitidos\u201d, disse o secret\u00e1rio de Assuntos Socioecon\u00f4micos e representante da Confedera\u00e7\u00e3o Nacional dos Trabalhadores do Ramo Financeiro (Contraf-CUT) nas negocia\u00e7\u00f5es com o Santander, Mario Raia. \u201cEsperamos que n\u00e3o seja preciso realizar todas as a\u00e7\u00f5es planejadas. Que o banco nos chame para a mesa de negocia\u00e7\u00f5es e comunique que n\u00e3o haver\u00e1 mais cobran\u00e7as de metas abusivas e tampouco\u00a0<a href=\"https:\/\/spbancarios.com.br\/06\/2020\/bancarios-relatam-clima-de-tensao-no-santander\" target=\"_blank\" rel=\"noopener noreferrer\">demiss\u00f5es sem justa causa<\/a>\u00a0de funcion\u00e1rios\u201d, completou.<\/p>\n<h3>Metas abusivas e demiss\u00f5es<\/h3>\n<p>Segundo o dirigente da Contraf-CUT, o banco Santander j\u00e1 foi\u00a0<a href=\"https:\/\/economia.uol.com.br\/noticias\/redacao\/2019\/09\/11\/santander-e-condenado-por-impor-metas-abusivas-ao-trabalhador.htm\" target=\"_blank\" rel=\"noopener noreferrer\">condenado pela cobran\u00e7a de metas abusivas<\/a>\u00a0e est\u00e1 proibido pela Justi\u00e7a de estabelec\u00ea-las. \u201cO banco tem hist\u00f3rico neste tipo de \u2018gest\u00e3o\u2019 de pessoal. J\u00e1 foi condenado por isso e reincide no erro\u201d, observou.<\/p>\n<p>Mario diz, ainda, que existem relatos de que o presidente do Santander no Brasil, Sergio Rial, realizou videoconfer\u00eancia com funcion\u00e1rios em cargos de gest\u00e3o e disse que as metas devem ser cobradas mesmo em per\u00edodo de pandemia. E, mais, que o n\u00e3o cumprimento das metas deve ser punido com a demiss\u00e3o. Na ocasi\u00e3o,\u00a0<a href=\"https:\/\/contrafcut.com.br\/noticias\/santander-demite-funcionarios-e-toma-medidas-contra-prevencao\/\" target=\"_blank\" rel=\"noopener noreferrer\">Rial teria dito<\/a>\u00a0que \u201caqueles que pensam diferente e n\u00e3o colaboram prestam um desservi\u00e7o ao banco e contribuem para um baixo n\u00edvel de produtividade\u201d.<\/p>\n<p>\u201cPara n\u00e3o serem punidos, os gestores, municiados pelo marketing do banco, pressionam seus funcion\u00e1rios. E\u00a0<a href=\"https:\/\/afubesp.org.br\/por-meio-de-campanha-santander-impoe-metas-abusivas-durante-a-pandemia\/\" target=\"_blank\" rel=\"noopener noreferrer\">a cada semana vemos uma nova campanha<\/a>\u00a0com novas metas estabelecidas. Se isso j\u00e1 \u00e9 inaceit\u00e1vel em tempo de normalidade, imagina na pandemia que estamos vivendo\u201d, afirmou.<\/p>\n<p>O banco vem cumprindo a ordem de Rial. J\u00e1 demitiu uma s\u00e9rie de funcion\u00e1rios, mas, segundo reportagem publicada pelo jornal Folha de S.Paulo, pode haver\u00a0<a href=\"https:\/\/www1.folha.uol.com.br\/mercado\/2020\/06\/santander-planeja-demitir-20-dos-funcionarios-no-brasil-durante-a-pandemia-de-covid.shtml\" target=\"_blank\" rel=\"noopener noreferrer\">demiss\u00e3o em massa de 20%<\/a>\u00a0do quadro de pessoal.\u00a0<a href=\"https:\/\/www1.folha.uol.com.br\/mercado\/2020\/06\/santander-nega-reportagem-da-folha-sobre-demissao-de-20-dos-funcionarios.shtml\" target=\"_blank\" rel=\"noopener noreferrer\">O banco diz<\/a>\u00a0que haver\u00e1 demiss\u00f5es, mas n\u00e3o deve chegar aos 20% anunciados pelo jornal. No entanto, confirma que as demiss\u00f5es ocorreram pelo n\u00e3o cumprimento de metas.<br \/>Ranking de funcion\u00e1rios<\/p>\n<p>O dirigente da Contraf-CUT lembra, ainda, que a\u00a0<a href=\"https:\/\/contrafcut.com.br\/wp-content\/uploads\/anexos\/convenios\/2b2f727bc33ea8bfb0c4ea349ed3bbea\/file\/cct-geral.PDF\" target=\"_blank\" rel=\"noopener noreferrer\">Conven\u00e7\u00e3o Coletiva de Trabalho<\/a>\u00a0da categoria banc\u00e1ria pro\u00edbe o ranking individual de funcion\u00e1rios. Mas, para ele, da forma como as campanhas de vendas acontecem, possibilitam aos gestores realizar tal ranking.<\/p>\n<p>\u201cSe tenho, por exemplo, quatro funcion\u00e1rios que trabalham com venda de produtos em uma unidade. Um publica uma foto #sou10, outro #sou50 e outro #sou55. J\u00e1 tenho ranking. Aquele que n\u00e3o publicou foto da meta \u00e9 demitido e o que vendeu 10 produtos est\u00e1 em apuros\u201d, explicou. \u201cPor si isso \u00e9 desumano, mas, al\u00e9m disso, n\u00e3o \u00e9 permitido pela nossa CCT\u201d, concluiu.<\/p>\n<h3>Pr\u00f3ximas a\u00e7\u00f5es<\/h3>\n<p>O dirigente disse que a Comiss\u00e3o de Organiza\u00e7\u00e3o dos Empregados (COE) do Santander vai avaliar a a\u00e7\u00e3o desta ter\u00e7a-feira e planejar outras. Mas, adianta que a campanha possui diversas pe\u00e7as para a\u00e7\u00e3o nas redes sociais, contatos diretos com funcion\u00e1rios e com ve\u00edculos de comunica\u00e7\u00e3o.<\/p>\n<p><strong>Fonte: Contraf-CUT<\/strong><\/p>\n","protected":false},"excerpt":{"rendered":"<p>Sindicatos de todo o Brasil realizaram, nesta ter\u00e7a-feira (16), manifesta\u00e7\u00f5es para denunciar as arbitrariedades do Santander. O banco \u00e9 acusado de cobran\u00e7a de metas inating\u00edveis e demiss\u00e3o dos funcion\u00e1rios que n\u00e3o as cumprem, mesmo ap\u00f3s ter assumido compromisso de que n\u00e3o demitiria funcion\u00e1rios durante a pandemia. Al\u00e9m das\u00a0atividades ocorridas nas portas de ag\u00eancias e departamentos [&hellip;]<\/p>\n","protected":false},"author":2,"featured_media":9089,"comment_status":"","ping_status":"","sticky":false,"template":"","format":"standard","meta":{"footnotes":""},"categories":[3],"tags":[],"class_list":["post-9090","post","type-post","status-publish","format-standard","has-post-thumbnail","hentry","category-noticias"],"_links":{"self":[{"href":"https:\/\/hostnetart.com.br\/baixada\/wp-json\/wp\/v2\/posts\/9090","targetHints":{"allow":["GET"]}}],"collection":[{"href":"https:\/\/hostnetart.com.br\/baixada\/wp-json\/wp\/v2\/posts"}],"about":[{"href":"https:\/\/hostnetart.com.br\/baixada\/wp-json\/wp\/v2\/types\/post"}],"author":[{"embeddable":true,"href":"https:\/\/hostnetart.com.br\/baixada\/wp-json\/wp\/v2\/users\/2"}],"replies":[{"embeddable":true,"href":"https:\/\/hostnetart.com.br\/baixada\/wp-json\/wp\/v2\/comments?post=9090"}],"version-history":[{"count":0,"href":"https:\/\/hostnetart.com.br\/baixada\/wp-json\/wp\/v2\/posts\/9090\/revisions"}],"wp:featuredmedia":[{"embeddable":true,"href":"https:\/\/hostnetart.com.br\/baixada\/wp-json\/wp\/v2\/media\/9089"}],"wp:attachment":[{"href":"https:\/\/hostnetart.com.br\/baixada\/wp-json\/wp\/v2\/media?parent=9090"}],"wp:term":[{"taxonomy":"category","embeddable":true,"href":"https:\/\/hostnetart.com.br\/baixada\/wp-json\/wp\/v2\/categories?post=9090"},{"taxonomy":"post_tag","embeddable":true,"href":"https:\/\/hostnetart.com.br\/baixada\/wp-json\/wp\/v2\/tags?post=9090"}],"curies":[{"name":"wp","href":"https:\/\/api.w.org\/{rel}","templated":true}]}}