{"id":9088,"date":"2020-06-17T04:12:32","date_gmt":"2020-06-17T07:12:32","guid":{"rendered":"https:\/\/hostnetart.com.br\/baixada\/violencia-domestica-tambem-acontece-com-casais-gays\/"},"modified":"2020-06-17T04:12:32","modified_gmt":"2020-06-17T07:12:32","slug":"violencia-domestica-tambem-acontece-com-casais-gays","status":"publish","type":"post","link":"https:\/\/hostnetart.com.br\/baixada\/violencia-domestica-tambem-acontece-com-casais-gays\/","title":{"rendered":"Viol\u00eancia dom\u00e9stica tamb\u00e9m acontece com casais gays"},"content":{"rendered":"<p>De acordo com o relat\u00f3rio divulgado pelo Minist\u00e9rio da Mulher, da Fam\u00edlia e dos Direitos Humanos, que gerencia o canal Disque 100, foram registradas 846 den\u00fancias de viol\u00eancia contra pessoas LGBTQIA+ em 2019. O documento indica que a casa \u00e9 o lugar onde mais acontecem viola\u00e7\u00f5es f\u00edsicas, psicol\u00f3gicas e verbais (56% dos casos). \u00a0<\/p>\n<p>Para Adilson Barros, diretor da Confedera\u00e7\u00e3o Nacional dos Trabalhadores do Ramo Financeiro (Contraf-CUT), as agress\u00f5es relacionadas a casais homossexuais tamb\u00e9m podem ser caracterizadas como viol\u00eancia dom\u00e9stica. \u201cEsse tipo de viol\u00eancia, infelizmente, acontece com frequ\u00eancia na comunidade LGBTQIA+ e as vitimas t\u00eam dificuldade para reconhecer a agress\u00e3o vinda de seus pares. H\u00e1 muita resist\u00eancia de casais homoafetivos em registrar queixa, principalmente homens gays. Motivos n\u00e3o faltam. Exposi\u00e7\u00f5es, descasos, rea\u00e7\u00e3o ao ver que s\u00e3o dois homens ou duas mulheres, delegacia especializada, entre outros. Mas \u00e9 preciso refor\u00e7ar o enquadramento da lei Maria da Penha e utilizar os espa\u00e7os para den\u00fancia e sensibiliza\u00e7\u00e3o do assunto\u201d, explicou.<\/p>\n<p>A Lei n\u00b0 11.340\/06, Lei Maria da Penha, torna obrigat\u00f3ria a prote\u00e7\u00e3o das mulheres contra a viol\u00eancia dom\u00e9stica e todo aquele em situa\u00e7\u00e3o vulner\u00e1vel. Desta forma, os casais gays que passam por essa situa\u00e7\u00e3o podem ser vitimados. \u201cAcredito ser preciso come\u00e7ar com a quebra de tabu e tornar vis\u00edvel esta forma de viol\u00eancia entre LGBTs. A viol\u00eancia a n\u00f3s \u00e9 t\u00e3o gritante e chocante que infelizmente passa desapercebido entre os casais. \u00c9 necess\u00e1rio a realiza\u00e7\u00e3o de campanhas preventivas e incentivo a denuncias de viol\u00eancia contra LGBTQIA+\u201d, afirmou Adilson Barros.<\/p>\n<p><strong>Fonte: Contraf-CUT<\/strong><\/p>\n","protected":false},"excerpt":{"rendered":"<p>De acordo com o relat\u00f3rio divulgado pelo Minist\u00e9rio da Mulher, da Fam\u00edlia e dos Direitos Humanos, que gerencia o canal Disque 100, foram registradas 846 den\u00fancias de viol\u00eancia contra pessoas LGBTQIA+ em 2019. O documento indica que a casa \u00e9 o lugar onde mais acontecem viola\u00e7\u00f5es f\u00edsicas, psicol\u00f3gicas e verbais (56% dos casos). \u00a0 Para [&hellip;]<\/p>\n","protected":false},"author":2,"featured_media":9087,"comment_status":"","ping_status":"","sticky":false,"template":"","format":"standard","meta":{"footnotes":""},"categories":[3],"tags":[],"class_list":["post-9088","post","type-post","status-publish","format-standard","has-post-thumbnail","hentry","category-noticias"],"_links":{"self":[{"href":"https:\/\/hostnetart.com.br\/baixada\/wp-json\/wp\/v2\/posts\/9088","targetHints":{"allow":["GET"]}}],"collection":[{"href":"https:\/\/hostnetart.com.br\/baixada\/wp-json\/wp\/v2\/posts"}],"about":[{"href":"https:\/\/hostnetart.com.br\/baixada\/wp-json\/wp\/v2\/types\/post"}],"author":[{"embeddable":true,"href":"https:\/\/hostnetart.com.br\/baixada\/wp-json\/wp\/v2\/users\/2"}],"replies":[{"embeddable":true,"href":"https:\/\/hostnetart.com.br\/baixada\/wp-json\/wp\/v2\/comments?post=9088"}],"version-history":[{"count":0,"href":"https:\/\/hostnetart.com.br\/baixada\/wp-json\/wp\/v2\/posts\/9088\/revisions"}],"wp:featuredmedia":[{"embeddable":true,"href":"https:\/\/hostnetart.com.br\/baixada\/wp-json\/wp\/v2\/media\/9087"}],"wp:attachment":[{"href":"https:\/\/hostnetart.com.br\/baixada\/wp-json\/wp\/v2\/media?parent=9088"}],"wp:term":[{"taxonomy":"category","embeddable":true,"href":"https:\/\/hostnetart.com.br\/baixada\/wp-json\/wp\/v2\/categories?post=9088"},{"taxonomy":"post_tag","embeddable":true,"href":"https:\/\/hostnetart.com.br\/baixada\/wp-json\/wp\/v2\/tags?post=9088"}],"curies":[{"name":"wp","href":"https:\/\/api.w.org\/{rel}","templated":true}]}}