{"id":9086,"date":"2020-06-17T01:12:04","date_gmt":"2020-06-17T04:12:04","guid":{"rendered":"https:\/\/hostnetart.com.br\/baixada\/senado-aprova-mp-936-e-derruba-alteracoes-na-jornada-dos-bancarios\/"},"modified":"2020-06-17T01:12:04","modified_gmt":"2020-06-17T04:12:04","slug":"senado-aprova-mp-936-e-derruba-alteracoes-na-jornada-dos-bancarios","status":"publish","type":"post","link":"https:\/\/hostnetart.com.br\/baixada\/senado-aprova-mp-936-e-derruba-alteracoes-na-jornada-dos-bancarios\/","title":{"rendered":"Senado aprova MP 936 e derruba altera\u00e7\u00f5es na jornada dos banc\u00e1rios"},"content":{"rendered":"<p>O Senado aprovou nesta ter\u00e7a-feira (16) o Projeto de Lei de Convers\u00e3o (PLV) 15\/2020 (MP 936\/2020), que institui o Programa Emergencial de Manuten\u00e7\u00e3o do Emprego e da Renda, que, segundo o governo, visa preservar o emprego e a renda; garantir a continuidade das atividades laborais e empresariais; e reduzir o impacto social decorrente das consequ\u00eancias do estado de calamidade p\u00fablica e de emerg\u00eancia de sa\u00fade p\u00fablica. O texto ser\u00e1 encaminhado para a san\u00e7\u00e3o presidencial.<\/p>\n<p>O Senado impugnou os artigos 27 e 32 do PLV 15, aprovado pela C\u00e2mara dos Deputados, que inseriam mat\u00e9rias estranhas ao objeto principal da MPV 936 enviada pelo governo ao Congresso. Com isso, atendendo a um requerimento do Partido dos Trabalhadores, dos 81 senadores 46 votaram exclus\u00e3o do texto a altera\u00e7\u00e3o na jornada e hora-extra de banc\u00e1rios e mudan\u00e7a na corre\u00e7\u00e3o de d\u00e9bitos trabalhistas, que eram tratados no artigo 32.<\/p>\n<p>O artigo 27 aumentava em 5% a margem de empr\u00e9stimo consignado para servidor p\u00fablico e aposentado, que passaria de 35% para 40%.<\/p>\n<p>\u201cA derrubada do artigo 32 foi muito boa para os banc\u00e1rios, uma vez que n\u00e3o haver\u00e1 qualquer altera\u00e7\u00e3o no artigo 224 da CLT, que trata da jornada da categoria. Mas, se sancionada sem veto presidencial, ter\u00e1 sido uma vit\u00f3ria para toda a classe trabalhadora, que conseguiu promover altera\u00e7\u00f5es importantes durante a tramita\u00e7\u00e3o na C\u00e2mara dos Deputados, como a ultratividade das cl\u00e1usulas das conven\u00e7\u00f5es ou dos acordos coletivos que venceram ou vier a vencerem durante o per\u00edodo de vig\u00eancia do Estado de Calamidade P\u00fablica\u201d, afirmou a presidenta da Confedera\u00e7\u00e3o Nacional dos Trabalhadores do Ramo Financeiro (Contraf-CUT), Juvandia Moreira.<\/p>\n<p>A ultratividade est\u00e1 prevista no inciso IV do artigo 17 do texto aprovado pelo Congresso Nacional.<\/p>\n<p>A Contraf-CUT chegou mandar of\u00edcio para o relator do projeto no Senado, o senador Vanderlan Cardoso (PSD-GO),\u00a0<a href=\"https:\/\/contrafcut.com.br\/noticias\/contraf-cut-reivindica-retirada-de-alteracao-da-clt-da-mp-936\/\" target=\"_blank\" rel=\"noopener noreferrer\">solicitando a exclus\u00e3o da altera\u00e7\u00e3o<\/a>\u00a0que era feita pelo artigo 32 do PLV 15\/2020 no artigo 224 da CLT, que aumentaria a carga hor\u00e1ria dos banc\u00e1rios de 30 para 40 horas semanais.<\/p>\n<p>Por 46 votos a 30, foi aprovada retirada desse trecho do relat\u00f3rio final que ser\u00e1 enviado \u00e0 san\u00e7\u00e3o presidencial.<\/p>\n<p>Com a derrubada do artigo 32, ca\u00edram todas as altera\u00e7\u00f5es que eram promovidas na CLT pelo PLV 15.<\/p>\n<p>\u201cO engajamento das centrais sindicais com os partidos que defendem interesses da classe trabalhadora foi fundamental para a melhoria da proposta original durante a tramita\u00e7\u00e3o na C\u00e2mara dos Deputados e tamb\u00e9m no Senado, para excluir trechos inclu\u00eddos na C\u00e2mara que tentavam ressuscitar propostas contra os trabalhadores que j\u00e1 haviam sido derrotadas durante a tramita\u00e7\u00e3o da revogada MP 905\u201d, concluiu o secret\u00e1rio de Rela\u00e7\u00f5es de Trabalho da Contraf-CUT, Jeferson Meira (Jef\u00e3o).<\/p>\n<p><strong>Fonte: Contraf-CUT<\/strong><\/p>\n","protected":false},"excerpt":{"rendered":"<p>O Senado aprovou nesta ter\u00e7a-feira (16) o Projeto de Lei de Convers\u00e3o (PLV) 15\/2020 (MP 936\/2020), que institui o Programa Emergencial de Manuten\u00e7\u00e3o do Emprego e da Renda, que, segundo o governo, visa preservar o emprego e a renda; garantir a continuidade das atividades laborais e empresariais; e reduzir o impacto social decorrente das consequ\u00eancias [&hellip;]<\/p>\n","protected":false},"author":2,"featured_media":9085,"comment_status":"","ping_status":"","sticky":false,"template":"","format":"standard","meta":{"footnotes":""},"categories":[3],"tags":[],"class_list":["post-9086","post","type-post","status-publish","format-standard","has-post-thumbnail","hentry","category-noticias"],"_links":{"self":[{"href":"https:\/\/hostnetart.com.br\/baixada\/wp-json\/wp\/v2\/posts\/9086","targetHints":{"allow":["GET"]}}],"collection":[{"href":"https:\/\/hostnetart.com.br\/baixada\/wp-json\/wp\/v2\/posts"}],"about":[{"href":"https:\/\/hostnetart.com.br\/baixada\/wp-json\/wp\/v2\/types\/post"}],"author":[{"embeddable":true,"href":"https:\/\/hostnetart.com.br\/baixada\/wp-json\/wp\/v2\/users\/2"}],"replies":[{"embeddable":true,"href":"https:\/\/hostnetart.com.br\/baixada\/wp-json\/wp\/v2\/comments?post=9086"}],"version-history":[{"count":0,"href":"https:\/\/hostnetart.com.br\/baixada\/wp-json\/wp\/v2\/posts\/9086\/revisions"}],"wp:featuredmedia":[{"embeddable":true,"href":"https:\/\/hostnetart.com.br\/baixada\/wp-json\/wp\/v2\/media\/9085"}],"wp:attachment":[{"href":"https:\/\/hostnetart.com.br\/baixada\/wp-json\/wp\/v2\/media?parent=9086"}],"wp:term":[{"taxonomy":"category","embeddable":true,"href":"https:\/\/hostnetart.com.br\/baixada\/wp-json\/wp\/v2\/categories?post=9086"},{"taxonomy":"post_tag","embeddable":true,"href":"https:\/\/hostnetart.com.br\/baixada\/wp-json\/wp\/v2\/tags?post=9086"}],"curies":[{"name":"wp","href":"https:\/\/api.w.org\/{rel}","templated":true}]}}