{"id":9082,"date":"2020-06-16T12:42:51","date_gmt":"2020-06-16T15:42:51","guid":{"rendered":"https:\/\/hostnetart.com.br\/baixada\/cebb-retoma-negociacoes-com-o-banco\/"},"modified":"2020-06-16T12:42:51","modified_gmt":"2020-06-16T15:42:51","slug":"cebb-retoma-negociacoes-com-o-banco","status":"publish","type":"post","link":"https:\/\/hostnetart.com.br\/baixada\/cebb-retoma-negociacoes-com-o-banco\/","title":{"rendered":"CEBB retoma negocia\u00e7\u00f5es com o banco"},"content":{"rendered":"<p>A Comiss\u00e3o de Empresa dos Funcion\u00e1rios do Banco do Brasil (CEBB) se reuniu com o banco na sexta-feira (12) para debater uma s\u00e9rie de medidas que vem sendo adotas pelo banco em decorr\u00eancia da pandemia causada pelo novo coronav\u00edrus. Entre os temas debatidos, est\u00e3o a padroniza\u00e7\u00e3o dos protocolos de sanitiza\u00e7\u00e3o e sa\u00fade dos funcion\u00e1rios, banco de horas negativo, f\u00e9rias compuls\u00f3rias, metas e flexibiliza\u00e7\u00e3o do hor\u00e1rio. A reuni\u00e3o se prolongou e continua na tarde desta segunda-feira (15).<\/p>\n<p>\u201cO banco apresentou dados importante de medidas que vem adotando em conjunto com a Fenaban (Federa\u00e7\u00e3o Nacional dos Bancos) para prevenir o cont\u00e1gio do novo coronav\u00edrus e resguardar a sa\u00fade dos funcion\u00e1rios, clientes e da popula\u00e7\u00e3o em geral\u201d, disse o coordenador da CEBB, Jo\u00e3o Fukunaga. \u201cMas, existem muitos pontos que precisam ser discutidos para evitarmos preju\u00edzos aos funcion\u00e1rios que est\u00e3o em casa, cumprindo o isolamento social e tamb\u00e9m daqueles que est\u00e3o trabalhando\u201d, completou.<\/p>\n<p>A sanitiza\u00e7\u00e3o das unidades, protocolos de afastamentos de funcion\u00e1rios com suspeita de cont\u00e1gio e casos confirmados, assim como dos colegas que tiveram contato com eles, e a cobran\u00e7a de metas s\u00e3o algumas das quest\u00f5es que envolvem os trabalhadores que cumprem suas jornadas em seus locais de trabalho.<\/p>\n<p>\u201cA n\u00e3o padroniza\u00e7\u00e3o dos protocolos tem levado gestores a tomar medidas distintas para casos semelhantes. Isso prejudica alguns dos funcion\u00e1rios. Tamb\u00e9m estamos exigindo que todos sejam testados para constatar a presen\u00e7a do v\u00edrus\u201d, informou Fukunaga.<\/p>\n<h3>Banco de horas<\/h3>\n<p>A CEBB tamb\u00e9m voltou a discutir com o BB a respeito do banco de horas negativo. A proposta do banco \u00e9 que os funcion\u00e1rios afastados de suas unidades de trabalho que n\u00e3o t\u00eam como exercerem o trabalho em home office, tenham que pagar as horas n\u00e3o trabalhadas, sem qualquer negocia\u00e7\u00e3o sobre a quantidade de horas ou o valor a ser descontado.<\/p>\n<p>\u201cSobre o banco de horas, existem duas quest\u00f5es. A primeira \u00e9 que os funcion\u00e1rios est\u00e3o afastados devido \u00e0 pandemia. \u00c9 uma quest\u00e3o de sa\u00fade. N\u00e3o est\u00e3o de folga. Em outros pa\u00edses, os trabalhadores est\u00e3o tendo suas horas abonadas por determina\u00e7\u00e3o do governo. Aqui, o governo lan\u00e7ou uma MP que permite as empresas a criar banco de horas e descontar os sal\u00e1rios dos trabalhadores. A segunda quest\u00e3o \u00e9 que, pelo nosso Acordo Coletivo, as horas precisam come\u00e7ar a ser pagas j\u00e1 no m\u00eas que vem. Isso quer dizer que o banco pode deixar sem sal\u00e1rio funcion\u00e1rios que est\u00e3o afastados por uma quest\u00e3o de sa\u00fade p\u00fablica\u201d, explicou.<\/p>\n<h3>F\u00e9rias<\/h3>\n<p>Outro ponto de debate s\u00e3o as f\u00e9rias compuls\u00f3rias. Funcion\u00e1rios j\u00e1 est\u00e3o faz quase dois meses de f\u00e9rias compuls\u00f3rias e, muitos deles ter\u00e3o que, al\u00e9m de terem perdido suas f\u00e9rias, entrar no banco de horas para manter o isolamento social.<\/p>\n<p><strong>Fonte: Contraf-CUT<\/strong><\/p>\n","protected":false},"excerpt":{"rendered":"<p>A Comiss\u00e3o de Empresa dos Funcion\u00e1rios do Banco do Brasil (CEBB) se reuniu com o banco na sexta-feira (12) para debater uma s\u00e9rie de medidas que vem sendo adotas pelo banco em decorr\u00eancia da pandemia causada pelo novo coronav\u00edrus. Entre os temas debatidos, est\u00e3o a padroniza\u00e7\u00e3o dos protocolos de sanitiza\u00e7\u00e3o e sa\u00fade dos funcion\u00e1rios, banco [&hellip;]<\/p>\n","protected":false},"author":2,"featured_media":9081,"comment_status":"","ping_status":"","sticky":false,"template":"","format":"standard","meta":{"footnotes":""},"categories":[3],"tags":[],"class_list":["post-9082","post","type-post","status-publish","format-standard","has-post-thumbnail","hentry","category-noticias"],"_links":{"self":[{"href":"https:\/\/hostnetart.com.br\/baixada\/wp-json\/wp\/v2\/posts\/9082","targetHints":{"allow":["GET"]}}],"collection":[{"href":"https:\/\/hostnetart.com.br\/baixada\/wp-json\/wp\/v2\/posts"}],"about":[{"href":"https:\/\/hostnetart.com.br\/baixada\/wp-json\/wp\/v2\/types\/post"}],"author":[{"embeddable":true,"href":"https:\/\/hostnetart.com.br\/baixada\/wp-json\/wp\/v2\/users\/2"}],"replies":[{"embeddable":true,"href":"https:\/\/hostnetart.com.br\/baixada\/wp-json\/wp\/v2\/comments?post=9082"}],"version-history":[{"count":0,"href":"https:\/\/hostnetart.com.br\/baixada\/wp-json\/wp\/v2\/posts\/9082\/revisions"}],"wp:featuredmedia":[{"embeddable":true,"href":"https:\/\/hostnetart.com.br\/baixada\/wp-json\/wp\/v2\/media\/9081"}],"wp:attachment":[{"href":"https:\/\/hostnetart.com.br\/baixada\/wp-json\/wp\/v2\/media?parent=9082"}],"wp:term":[{"taxonomy":"category","embeddable":true,"href":"https:\/\/hostnetart.com.br\/baixada\/wp-json\/wp\/v2\/categories?post=9082"},{"taxonomy":"post_tag","embeddable":true,"href":"https:\/\/hostnetart.com.br\/baixada\/wp-json\/wp\/v2\/tags?post=9082"}],"curies":[{"name":"wp","href":"https:\/\/api.w.org\/{rel}","templated":true}]}}