{"id":9080,"date":"2020-06-16T12:40:24","date_gmt":"2020-06-16T15:40:24","guid":{"rendered":"https:\/\/hostnetart.com.br\/baixada\/live-da-contraf-cut-volta-nesta-quarta-feira-17\/"},"modified":"2020-06-16T12:40:24","modified_gmt":"2020-06-16T15:40:24","slug":"live-da-contraf-cut-volta-nesta-quarta-feira-17","status":"publish","type":"post","link":"https:\/\/hostnetart.com.br\/baixada\/live-da-contraf-cut-volta-nesta-quarta-feira-17\/","title":{"rendered":"Live da Contraf-CUT volta nesta quarta-feira (17)"},"content":{"rendered":"<p>A s\u00e9tima transmiss\u00e3o ao vivo da Confedera\u00e7\u00e3o Nacional dos Trabalhadores do Ramo Financeiro (Contraf-CUT) j\u00e1 est\u00e1 confirmada, ser\u00e1 no dia 17, \u00e0s 13h, na p\u00e1gina do Facebook da Confedera\u00e7\u00e3o.<\/p>\n<p>No dia, a presidenta da Contraf-CUT e uma das coordenadoras do Comando Nacional dos Banc\u00e1rios, Juvandia Moreira, vai continuar o tour para conhecer a realidade dos banc\u00e1rios durante a pandemia do Coronav\u00edrus (Covid-19), nas mais diferentes regi\u00f5es do Brasil. Para isso, j\u00e1 temos a presen\u00e7a confirmada do diretor de Comunica\u00e7\u00e3o da Federa\u00e7\u00e3o dos Trabalhadores e Trabalhadoras em Institui\u00e7\u00f5es Financeiras no Rio Grande do Sul (Fetrafi-RS), Juberlei Bacelos, do secret\u00e1rio-geral da Federa\u00e7\u00e3o dos Trabalhadores do Ramo Financeiro do Rio de Janeiro e Esp\u00edrito Santo (Fetraf RJ\/ ES), Max Jos\u00e9 Neves, e do presidente da Federa\u00e7\u00e3o dos Trabalhadores em Empresas de Cr\u00e9dito do Paran\u00e1 (Fetec-PR), Deon\u00edsio Venceslau Schmidt.<\/p>\n<p>Quem perdeu as outras transmiss\u00f5es, pode assisti-las\u00a0<a href=\"https:\/\/www.facebook.com\/pg\/contrafcut\/videos\/?ref=page_internal\">no facebook da Contraf-CUT<\/a>.<\/p>\n<p><strong>Fonte: Contraf-CUT<\/strong><\/p>\n","protected":false},"excerpt":{"rendered":"<p>A s\u00e9tima transmiss\u00e3o ao vivo da Confedera\u00e7\u00e3o Nacional dos Trabalhadores do Ramo Financeiro (Contraf-CUT) j\u00e1 est\u00e1 confirmada, ser\u00e1 no dia 17, \u00e0s 13h, na p\u00e1gina do Facebook da Confedera\u00e7\u00e3o. No dia, a presidenta da Contraf-CUT e uma das coordenadoras do Comando Nacional dos Banc\u00e1rios, Juvandia Moreira, vai continuar o tour para conhecer a realidade dos [&hellip;]<\/p>\n","protected":false},"author":2,"featured_media":9079,"comment_status":"","ping_status":"","sticky":false,"template":"","format":"standard","meta":{"footnotes":""},"categories":[3],"tags":[],"class_list":["post-9080","post","type-post","status-publish","format-standard","has-post-thumbnail","hentry","category-noticias"],"_links":{"self":[{"href":"https:\/\/hostnetart.com.br\/baixada\/wp-json\/wp\/v2\/posts\/9080","targetHints":{"allow":["GET"]}}],"collection":[{"href":"https:\/\/hostnetart.com.br\/baixada\/wp-json\/wp\/v2\/posts"}],"about":[{"href":"https:\/\/hostnetart.com.br\/baixada\/wp-json\/wp\/v2\/types\/post"}],"author":[{"embeddable":true,"href":"https:\/\/hostnetart.com.br\/baixada\/wp-json\/wp\/v2\/users\/2"}],"replies":[{"embeddable":true,"href":"https:\/\/hostnetart.com.br\/baixada\/wp-json\/wp\/v2\/comments?post=9080"}],"version-history":[{"count":0,"href":"https:\/\/hostnetart.com.br\/baixada\/wp-json\/wp\/v2\/posts\/9080\/revisions"}],"wp:featuredmedia":[{"embeddable":true,"href":"https:\/\/hostnetart.com.br\/baixada\/wp-json\/wp\/v2\/media\/9079"}],"wp:attachment":[{"href":"https:\/\/hostnetart.com.br\/baixada\/wp-json\/wp\/v2\/media?parent=9080"}],"wp:term":[{"taxonomy":"category","embeddable":true,"href":"https:\/\/hostnetart.com.br\/baixada\/wp-json\/wp\/v2\/categories?post=9080"},{"taxonomy":"post_tag","embeddable":true,"href":"https:\/\/hostnetart.com.br\/baixada\/wp-json\/wp\/v2\/tags?post=9080"}],"curies":[{"name":"wp","href":"https:\/\/api.w.org\/{rel}","templated":true}]}}