{"id":9074,"date":"2020-06-13T00:02:15","date_gmt":"2020-06-13T03:02:15","guid":{"rendered":"https:\/\/hostnetart.com.br\/baixada\/comando-nacional-dos-bancarios-define-calendario-da-campanha-nacional-2020-caso-nao-seja-aprovada-a-ultratividade\/"},"modified":"2020-06-13T00:02:15","modified_gmt":"2020-06-13T03:02:15","slug":"comando-nacional-dos-bancarios-define-calendario-da-campanha-nacional-2020-caso-nao-seja-aprovada-a-ultratividade","status":"publish","type":"post","link":"https:\/\/hostnetart.com.br\/baixada\/comando-nacional-dos-bancarios-define-calendario-da-campanha-nacional-2020-caso-nao-seja-aprovada-a-ultratividade\/","title":{"rendered":"Comando Nacional dos Banc\u00e1rios define calend\u00e1rio da Campanha Nacional 2020, caso n\u00e3o seja aprovada a ultratividade"},"content":{"rendered":"<div class=\"elementor-element elementor-element-194680ec elementor-widget elementor-widget-theme-post-content\" data-id=\"194680ec\" data-element_type=\"widget\" data-widget_type=\"theme-post-content.default\">\n<div class=\"elementor-widget-container\">\n<p>O Comando Nacional dos Banc\u00e1rios se reuniu na quarta-feira (10) e definiu o calend\u00e1rio de confer\u00eancias, congressos e assembleias para dar in\u00edcio \u00e0 Campanha Nacional dos Banc\u00e1rios 2020.<\/p>\n<p>Esse calend\u00e1rio poder\u00e1 ser alterado caso seja prorrogada a validade dos Acordos e Conven\u00e7\u00f5es Coletivas, ou se o Congresso Nacional aprovar a ultratividade discutida na MP 936. O Comando tamb\u00e9m cobrou da Federa\u00e7\u00e3o Nacional dos Bancos (Fenaban), na \u00faltima reuni\u00e3o de negocia\u00e7\u00e3o, a resposta sobre a reivindica\u00e7\u00e3o para que os bancos garantam a ultratividade da CCT e dos ACTs, mas at\u00e9 o momento n\u00e3o houve resposta dos bancos.<\/p>\n<p>Mesmo em isolamento social, a categoria ser\u00e1 chamada a participar da campanha desde o princ\u00edpio, com a j\u00e1 tradicional Consulta Nacional aos Banc\u00e1rios, que permite a todos os trabalhadores darem sua opini\u00e3o sobre temas importantes, as prioridades da campanha, as formas como os sindicatos deves se comunicar e at\u00e9 como pretende participar das a\u00e7\u00f5es da campanha. Neste ano, a consulta ser\u00e1 totalmente eletr\u00f4nica e poder\u00e1 ser respondida at\u00e9 o dia 25 de junho.<\/p>\n<p>As confer\u00eancias estaduais\/regionais come\u00e7am a ser realizadas no dia 26 de junho e seguem at\u00e9 4 de julho.<\/p>\n<p>Os congressos do Banco do Brasil e da Caixa Econ\u00f4mica Federal ser\u00e3o realizados de 10 a 12 de julho e a Confer\u00eancia Nacional dos Banc\u00e1rios, onde se define a minuta de reivindica\u00e7\u00f5es, nos dias 17 e 18 de julho, para a categoria deliberar sobre a pauta em assembleias que devem ser realizadas nos dias 20 e 21 julho e a minuta de reivindica\u00e7\u00f5es podendo ser entregue \u00e0 Federa\u00e7\u00e3o Nacional dos Bancos no dia 23 de julho.<\/p>\n<p>Em decorr\u00eancia da pandemia causada pelo novo coronav\u00edrus (Covid-19), todas as atividades ser\u00e3o realizadas por videoconfer\u00eancia.<\/p>\n<p><strong>Veja abaixo o calend\u00e1rio da Campanha Nacional dos Banc\u00e1rios<\/strong><\/p>\n<figure class=\"wp-block-image size-large\"><img decoding=\"async\" class=\"wp-image-280090 lazyloaded\" src=\"https:\/\/contrafcut.com.br\/wp-content\/uploads\/2020\/06\/calendario-da-campanha.jpg?x85106\" sizes=\"(max-width: 1048px) 100vw, 1048px\" srcset=\"https:\/\/contrafcut.com.br\/wp-content\/uploads\/2020\/06\/calendario-da-campanha.jpg 1048w, https:\/\/contrafcut.com.br\/wp-content\/uploads\/2020\/06\/calendario-da-campanha-410x172.jpg 410w, https:\/\/contrafcut.com.br\/wp-content\/uploads\/2020\/06\/calendario-da-campanha-768x322.jpg 768w\" alt=\"\" data-lazy-srcset=\"https:\/\/contrafcut.com.br\/wp-content\/uploads\/2020\/06\/calendario-da-campanha.jpg 1048w, https:\/\/contrafcut.com.br\/wp-content\/uploads\/2020\/06\/calendario-da-campanha-410x172.jpg 410w, https:\/\/contrafcut.com.br\/wp-content\/uploads\/2020\/06\/calendario-da-campanha-768x322.jpg 768w\" data-lazy-sizes=\"(max-width: 1048px) 100vw, 1048px\" data-lazy-src=\"https:\/\/contrafcut.com.br\/wp-content\/uploads\/2020\/06\/calendario-da-campanha.jpg?x85106\" data-was-processed=\"true\" \/><\/figure>\n<p>\u00a0<\/p>\n<\/div>\n<\/div>\n<div class=\"elementor-element elementor-element-12fb8eb elementor-widget elementor-widget-heading\" data-id=\"12fb8eb\" data-element_type=\"widget\" data-widget_type=\"heading.default\">\n<div class=\"elementor-widget-container\">\n<h2 class=\"elementor-heading-title elementor-size-medium\"><strong>Fonte: Contraf-CUT<\/strong><\/h2>\n<\/div>\n<\/div>\n","protected":false},"excerpt":{"rendered":"<p>O Comando Nacional dos Banc\u00e1rios se reuniu na quarta-feira (10) e definiu o calend\u00e1rio de confer\u00eancias, congressos e assembleias para dar in\u00edcio \u00e0 Campanha Nacional dos Banc\u00e1rios 2020. Esse calend\u00e1rio poder\u00e1 ser alterado caso seja prorrogada a validade dos Acordos e Conven\u00e7\u00f5es Coletivas, ou se o Congresso Nacional aprovar a ultratividade discutida na MP 936. [&hellip;]<\/p>\n","protected":false},"author":2,"featured_media":9073,"comment_status":"","ping_status":"","sticky":false,"template":"","format":"standard","meta":{"footnotes":""},"categories":[3],"tags":[],"class_list":["post-9074","post","type-post","status-publish","format-standard","has-post-thumbnail","hentry","category-noticias"],"_links":{"self":[{"href":"https:\/\/hostnetart.com.br\/baixada\/wp-json\/wp\/v2\/posts\/9074","targetHints":{"allow":["GET"]}}],"collection":[{"href":"https:\/\/hostnetart.com.br\/baixada\/wp-json\/wp\/v2\/posts"}],"about":[{"href":"https:\/\/hostnetart.com.br\/baixada\/wp-json\/wp\/v2\/types\/post"}],"author":[{"embeddable":true,"href":"https:\/\/hostnetart.com.br\/baixada\/wp-json\/wp\/v2\/users\/2"}],"replies":[{"embeddable":true,"href":"https:\/\/hostnetart.com.br\/baixada\/wp-json\/wp\/v2\/comments?post=9074"}],"version-history":[{"count":0,"href":"https:\/\/hostnetart.com.br\/baixada\/wp-json\/wp\/v2\/posts\/9074\/revisions"}],"wp:featuredmedia":[{"embeddable":true,"href":"https:\/\/hostnetart.com.br\/baixada\/wp-json\/wp\/v2\/media\/9073"}],"wp:attachment":[{"href":"https:\/\/hostnetart.com.br\/baixada\/wp-json\/wp\/v2\/media?parent=9074"}],"wp:term":[{"taxonomy":"category","embeddable":true,"href":"https:\/\/hostnetart.com.br\/baixada\/wp-json\/wp\/v2\/categories?post=9074"},{"taxonomy":"post_tag","embeddable":true,"href":"https:\/\/hostnetart.com.br\/baixada\/wp-json\/wp\/v2\/tags?post=9074"}],"curies":[{"name":"wp","href":"https:\/\/api.w.org\/{rel}","templated":true}]}}