{"id":9072,"date":"2020-06-12T16:12:04","date_gmt":"2020-06-12T19:12:04","guid":{"rendered":"https:\/\/hostnetart.com.br\/baixada\/depois-de-cobranca-da-contraf-cut-caixa-informa-prorrogacao-de-projeto-remoto\/"},"modified":"2020-06-12T16:12:04","modified_gmt":"2020-06-12T19:12:04","slug":"depois-de-cobranca-da-contraf-cut-caixa-informa-prorrogacao-de-projeto-remoto","status":"publish","type":"post","link":"https:\/\/hostnetart.com.br\/baixada\/depois-de-cobranca-da-contraf-cut-caixa-informa-prorrogacao-de-projeto-remoto\/","title":{"rendered":"Depois de cobran\u00e7a da Contraf-CUT, Caixa informa prorroga\u00e7\u00e3o de projeto remoto"},"content":{"rendered":"<p>Depois de\u00a0<a href=\"https:\/\/contrafcut.com.br\/noticias\/contraf-cut-cobra-manutencao-do-projeto-remoto-na-caixa\/\" target=\"_blank\" rel=\"noopener noreferrer\">cobran\u00e7a da Confedera\u00e7\u00e3o Nacional dos Trabalhadores do Ramo Financeiro (Contraf-CUT),<\/a>\u00a0a Caixa anunciou, na manh\u00e3 desta sexta-feira (12), em comunicado interno aos empregados a prorroga\u00e7\u00e3o do \u201cProjeto Remoto\u201d at\u00e9 o dia 30 de junho.<\/p>\n<p>Vale lembrar que a reivindica\u00e7\u00e3o dos empregados a prorroga\u00e7\u00e3o do projeto teletrabalho enquanto perdurar a pandemia do novo coronav\u00edrus (Covid-19). O Projeto Remoto \u00e9 uma modalidade de Trabalho Remoto Simplificado. Foi lan\u00e7ando em mar\u00e7o. A renova\u00e7\u00e3o \u00e9 feita automaticamente pela \u00e1rea respons\u00e1vel.<\/p>\n<p>O banco anunciou unilateralmente a volta dos supervisores de regionais ao trabalho presencial na pr\u00f3xima segunda-feira (15). A Comiss\u00e3o Executiva dos Empregados da Caixa (CEE\/Caixa) cobra\u00a0negocia\u00e7\u00e3o para discutir este tema, al\u00e9m da\u00a0<a href=\"https:\/\/contrafcut.com.br\/noticias\/momento-nao-e-de-se-cobrar-metas\/\" target=\"_blank\" rel=\"noopener noreferrer\">quest\u00e3o das metas<\/a>\u00a0e dos\u00a0<a href=\"https:\/\/contrafcut.com.br\/noticias\/contraf-cut-questiona-motivos-da-caixa-abrandar-protocolo-de-saude-e-seguranca\/\" target=\"_blank\" rel=\"noopener noreferrer\">protocolos de sa\u00fade<\/a>.<\/p>\n<p><strong>Fonte: Contraf-CUT<\/strong><\/p>\n","protected":false},"excerpt":{"rendered":"<p>Depois de\u00a0cobran\u00e7a da Confedera\u00e7\u00e3o Nacional dos Trabalhadores do Ramo Financeiro (Contraf-CUT),\u00a0a Caixa anunciou, na manh\u00e3 desta sexta-feira (12), em comunicado interno aos empregados a prorroga\u00e7\u00e3o do \u201cProjeto Remoto\u201d at\u00e9 o dia 30 de junho. Vale lembrar que a reivindica\u00e7\u00e3o dos empregados a prorroga\u00e7\u00e3o do projeto teletrabalho enquanto perdurar a pandemia do novo coronav\u00edrus (Covid-19). O [&hellip;]<\/p>\n","protected":false},"author":2,"featured_media":9071,"comment_status":"","ping_status":"","sticky":false,"template":"","format":"standard","meta":{"footnotes":""},"categories":[3],"tags":[],"class_list":["post-9072","post","type-post","status-publish","format-standard","has-post-thumbnail","hentry","category-noticias"],"_links":{"self":[{"href":"https:\/\/hostnetart.com.br\/baixada\/wp-json\/wp\/v2\/posts\/9072","targetHints":{"allow":["GET"]}}],"collection":[{"href":"https:\/\/hostnetart.com.br\/baixada\/wp-json\/wp\/v2\/posts"}],"about":[{"href":"https:\/\/hostnetart.com.br\/baixada\/wp-json\/wp\/v2\/types\/post"}],"author":[{"embeddable":true,"href":"https:\/\/hostnetart.com.br\/baixada\/wp-json\/wp\/v2\/users\/2"}],"replies":[{"embeddable":true,"href":"https:\/\/hostnetart.com.br\/baixada\/wp-json\/wp\/v2\/comments?post=9072"}],"version-history":[{"count":0,"href":"https:\/\/hostnetart.com.br\/baixada\/wp-json\/wp\/v2\/posts\/9072\/revisions"}],"wp:featuredmedia":[{"embeddable":true,"href":"https:\/\/hostnetart.com.br\/baixada\/wp-json\/wp\/v2\/media\/9071"}],"wp:attachment":[{"href":"https:\/\/hostnetart.com.br\/baixada\/wp-json\/wp\/v2\/media?parent=9072"}],"wp:term":[{"taxonomy":"category","embeddable":true,"href":"https:\/\/hostnetart.com.br\/baixada\/wp-json\/wp\/v2\/categories?post=9072"},{"taxonomy":"post_tag","embeddable":true,"href":"https:\/\/hostnetart.com.br\/baixada\/wp-json\/wp\/v2\/tags?post=9072"}],"curies":[{"name":"wp","href":"https:\/\/api.w.org\/{rel}","templated":true}]}}