{"id":9070,"date":"2020-06-12T16:11:03","date_gmt":"2020-06-12T19:11:03","guid":{"rendered":"https:\/\/hostnetart.com.br\/baixada\/mudancas-na-jornada-dos-bancarios-podem-ser-desconsideradas-pelo-senado\/"},"modified":"2020-06-12T16:11:03","modified_gmt":"2020-06-12T19:11:03","slug":"mudancas-na-jornada-dos-bancarios-podem-ser-desconsideradas-pelo-senado","status":"publish","type":"post","link":"https:\/\/hostnetart.com.br\/baixada\/mudancas-na-jornada-dos-bancarios-podem-ser-desconsideradas-pelo-senado\/","title":{"rendered":"Mudan\u00e7as na jornada dos banc\u00e1rios podem ser desconsideradas pelo Senado"},"content":{"rendered":"<p>O senador Rog\u00e9rio Carvalho (PT-SE) entrou com\u00a0<a href=\"https:\/\/contrafcut.com.br\/wp-content\/uploads\/2020\/06\/rqs-697-rogerio-carvalho-mp936.pdf?x85106\" target=\"_blank\" rel=\"noopener noreferrer\">requerimento<\/a>\u00a0para que o Senado desconsidere as altera\u00e7\u00f5es promovidas pela C\u00e2mara dos Deputados nos par\u00e1grafos 2\u00ba e 3\u00ba do artigo 224 da\u00a0<a href=\"http:\/\/www.planalto.gov.br\/ccivil_03\/decreto-lei\/del5452.htm\">Consolida\u00e7\u00e3o das Leis do Trabalho (CLT)<\/a>. Os deputados aprovaram altera\u00e7\u00f5es na CLT por meio do artigo 32 da Medida Provis\u00f3ria 936, que tramita no Senado como\u00a0<a href=\"https:\/\/legis.senado.leg.br\/sdleg-getter\/documento?dm=8116539&amp;ts=1591837835276&amp;disposition=inline\" target=\"_blank\" rel=\"noopener noreferrer\">PLV n\u00ba 15<\/a>, de 2020 e, tratam-se de mat\u00e9rias estranhas ao objeto principal da MPV 936, de 2020. O senador informa que o requerimento se fundamenta no entendimento do Supremo Tribunal Federal e tamb\u00e9m no Regimento Interno do Senado, que pro\u00edbe a inser\u00e7\u00e3o pelo Legislativo de mat\u00e9rias estranhas em Medidas Provis\u00f3rias.<\/p>\n<p>\u201cComo \u00e9 de conhecimento p\u00fablico, a Medida Provis\u00f3ria 936, de 01\/04\/2020, foi editada para instituir o Programa Emergencial de Manuten\u00e7\u00e3o do Emprego e da Renda, no \u00e2mbito do Minist\u00e9rio da Economia, com os objetivos de preservar o emprego e a renda; garantir a continuidade das atividades laborais e empresariais; e reduzir o impacto social decorrente das consequ\u00eancias do estado de calamidade p\u00fablica e de emerg\u00eancia de sa\u00fade p\u00fablica\u201d, observa o senado na justificativa do requerimento.<\/p>\n<p>\u201cOcorre que, no decorrer do processo de tramita\u00e7\u00e3o na C\u00e2mara dos Deputados, foram introduzidos nos par\u00e1grafos 2\u00ba e 3\u00ba do artigo 224 da CLT, alterados pelo artigo 32 do PLV n\u00ba 15, de 2020, que veiculam mat\u00e9ria estranha \u00e0 Medida Provis\u00f3ria\u201d, explica o texto.<\/p>\n<p>A MP 936\/2020, que foi\u00a0<a href=\"https:\/\/contrafcut.com.br\/noticias\/mp-936-e-aprovada-na-camara-dos-deputados\/\" target=\"_blank\" rel=\"noopener noreferrer\">aprovada pelo plen\u00e1rio da C\u00e2mara dos Deputados<\/a>\u00a0no dia 28 de maio e agora tramita no Senado como PLV15\/2020, est\u00e1 prevista para entrar na pauta de vota\u00e7\u00e3o na semana que vem.<\/p>\n<p>A Confedera\u00e7\u00e3o Nacional dos Trabalhadores do Ramo Financeiro (Contraf-CUT) j\u00e1\u00a0<a href=\"https:\/\/contrafcut.com.br\/wp-content\/uploads\/2020\/06\/oficio-ao-senador-relator-do-plc-no-15-referente-a-mp-936-2a-versacc83o.pdf?x85106\" target=\"_blank\" rel=\"noopener noreferrer\">enviou um of\u00edcio ao relator da Medida Provis\u00f3ria (MP<\/a>)senador Vanderlan Cardoso (PSD-GO), solicitando a exclus\u00e3o das altera\u00e7\u00f5es nos \u00a0artigo 224 da CLT.<\/p>\n<p>Fonte: Contraf-CUT<\/p>\n","protected":false},"excerpt":{"rendered":"<p>O senador Rog\u00e9rio Carvalho (PT-SE) entrou com\u00a0requerimento\u00a0para que o Senado desconsidere as altera\u00e7\u00f5es promovidas pela C\u00e2mara dos Deputados nos par\u00e1grafos 2\u00ba e 3\u00ba do artigo 224 da\u00a0Consolida\u00e7\u00e3o das Leis do Trabalho (CLT). Os deputados aprovaram altera\u00e7\u00f5es na CLT por meio do artigo 32 da Medida Provis\u00f3ria 936, que tramita no Senado como\u00a0PLV n\u00ba 15, de [&hellip;]<\/p>\n","protected":false},"author":2,"featured_media":9069,"comment_status":"","ping_status":"","sticky":false,"template":"","format":"standard","meta":{"footnotes":""},"categories":[3],"tags":[],"class_list":["post-9070","post","type-post","status-publish","format-standard","has-post-thumbnail","hentry","category-noticias"],"_links":{"self":[{"href":"https:\/\/hostnetart.com.br\/baixada\/wp-json\/wp\/v2\/posts\/9070","targetHints":{"allow":["GET"]}}],"collection":[{"href":"https:\/\/hostnetart.com.br\/baixada\/wp-json\/wp\/v2\/posts"}],"about":[{"href":"https:\/\/hostnetart.com.br\/baixada\/wp-json\/wp\/v2\/types\/post"}],"author":[{"embeddable":true,"href":"https:\/\/hostnetart.com.br\/baixada\/wp-json\/wp\/v2\/users\/2"}],"replies":[{"embeddable":true,"href":"https:\/\/hostnetart.com.br\/baixada\/wp-json\/wp\/v2\/comments?post=9070"}],"version-history":[{"count":0,"href":"https:\/\/hostnetart.com.br\/baixada\/wp-json\/wp\/v2\/posts\/9070\/revisions"}],"wp:featuredmedia":[{"embeddable":true,"href":"https:\/\/hostnetart.com.br\/baixada\/wp-json\/wp\/v2\/media\/9069"}],"wp:attachment":[{"href":"https:\/\/hostnetart.com.br\/baixada\/wp-json\/wp\/v2\/media?parent=9070"}],"wp:term":[{"taxonomy":"category","embeddable":true,"href":"https:\/\/hostnetart.com.br\/baixada\/wp-json\/wp\/v2\/categories?post=9070"},{"taxonomy":"post_tag","embeddable":true,"href":"https:\/\/hostnetart.com.br\/baixada\/wp-json\/wp\/v2\/tags?post=9070"}],"curies":[{"name":"wp","href":"https:\/\/api.w.org\/{rel}","templated":true}]}}