{"id":9068,"date":"2020-06-12T16:10:25","date_gmt":"2020-06-12T19:10:25","guid":{"rendered":"https:\/\/hostnetart.com.br\/baixada\/sessao-deliberativa-da-mp-936-e-adiada-no-senado-federal\/"},"modified":"2020-06-12T16:10:25","modified_gmt":"2020-06-12T19:10:25","slug":"sessao-deliberativa-da-mp-936-e-adiada-no-senado-federal","status":"publish","type":"post","link":"https:\/\/hostnetart.com.br\/baixada\/sessao-deliberativa-da-mp-936-e-adiada-no-senado-federal\/","title":{"rendered":"Sess\u00e3o deliberativa da MP 936 \u00e9 adiada no Senado Federal"},"content":{"rendered":"<p>A sess\u00e3o deliberativa remota do Senado Federal que votaria, nesta quinta-feira (10), a Medida Provis\u00f3ria (936) foi cancelada pela Presid\u00eancia do Senado. Ela foi transferida para a pr\u00f3xima ter\u00e7a-feira (16), \u00e0s 14h.<\/p>\n<p><a href=\"https:\/\/contrafcut.com.br\/noticias\/contraf-cut-reivindica-retirada-de-alteracao-da-clt-da-mp-936\/\">A Confedera\u00e7\u00e3o Nacional dos Trabalhadores do Ramo Financeiro (Contraf-CUT) j\u00e1 se manifestou contrariamente \u00e0 inclus\u00e3o no relat\u00f3rio da altera\u00e7\u00e3o no artigo 224 da CLT que atinge diretamente a jornada dos banc\u00e1rios<\/a>.<\/p>\n<p>O parecer do relator, senador Vanderlan Cardoso do PSD-GO, \u00e9 contr\u00e1rio \u00e0s emendas supressivas da altera\u00e7\u00e3o do par\u00e1grafo 2\u00ba do artigo 224 da CLT que altera a jornada dos banc\u00e1rios, mantendo, portanto, o texto aprovado pela C\u00e2mara. \u201cEstamos vigilantes e atuando no Congresso para que o tal \u201cjabuti\u201d, j\u00e1 t\u00e3o recha\u00e7ado anteriormente pelo pr\u00f3prio Senado em outra MP enviada pelo governo, seja derrotado\u201d, afirma Jeferson Meira, o Jef\u00e3o, secret\u00e1rio de Rela\u00e7\u00f5es de Rela\u00e7\u00f5es do Trabalho da Contraf-CUT.<\/p>\n<p><strong>Fonte: Contraf-CUT<\/strong><\/p>\n","protected":false},"excerpt":{"rendered":"<p>A sess\u00e3o deliberativa remota do Senado Federal que votaria, nesta quinta-feira (10), a Medida Provis\u00f3ria (936) foi cancelada pela Presid\u00eancia do Senado. Ela foi transferida para a pr\u00f3xima ter\u00e7a-feira (16), \u00e0s 14h. A Confedera\u00e7\u00e3o Nacional dos Trabalhadores do Ramo Financeiro (Contraf-CUT) j\u00e1 se manifestou contrariamente \u00e0 inclus\u00e3o no relat\u00f3rio da altera\u00e7\u00e3o no artigo 224 da [&hellip;]<\/p>\n","protected":false},"author":2,"featured_media":9067,"comment_status":"","ping_status":"","sticky":false,"template":"","format":"standard","meta":{"footnotes":""},"categories":[3],"tags":[],"class_list":["post-9068","post","type-post","status-publish","format-standard","has-post-thumbnail","hentry","category-noticias"],"_links":{"self":[{"href":"https:\/\/hostnetart.com.br\/baixada\/wp-json\/wp\/v2\/posts\/9068","targetHints":{"allow":["GET"]}}],"collection":[{"href":"https:\/\/hostnetart.com.br\/baixada\/wp-json\/wp\/v2\/posts"}],"about":[{"href":"https:\/\/hostnetart.com.br\/baixada\/wp-json\/wp\/v2\/types\/post"}],"author":[{"embeddable":true,"href":"https:\/\/hostnetart.com.br\/baixada\/wp-json\/wp\/v2\/users\/2"}],"replies":[{"embeddable":true,"href":"https:\/\/hostnetart.com.br\/baixada\/wp-json\/wp\/v2\/comments?post=9068"}],"version-history":[{"count":0,"href":"https:\/\/hostnetart.com.br\/baixada\/wp-json\/wp\/v2\/posts\/9068\/revisions"}],"wp:featuredmedia":[{"embeddable":true,"href":"https:\/\/hostnetart.com.br\/baixada\/wp-json\/wp\/v2\/media\/9067"}],"wp:attachment":[{"href":"https:\/\/hostnetart.com.br\/baixada\/wp-json\/wp\/v2\/media?parent=9068"}],"wp:term":[{"taxonomy":"category","embeddable":true,"href":"https:\/\/hostnetart.com.br\/baixada\/wp-json\/wp\/v2\/categories?post=9068"},{"taxonomy":"post_tag","embeddable":true,"href":"https:\/\/hostnetart.com.br\/baixada\/wp-json\/wp\/v2\/tags?post=9068"}],"curies":[{"name":"wp","href":"https:\/\/api.w.org\/{rel}","templated":true}]}}