{"id":9064,"date":"2020-06-10T18:32:17","date_gmt":"2020-06-10T21:32:17","guid":{"rendered":"https:\/\/hostnetart.com.br\/baixada\/financiarios-encaminham-pauta-de-reinvindicacoes-da-campanha-nacional-2020-a-fenacrefi\/"},"modified":"2020-06-10T18:32:17","modified_gmt":"2020-06-10T21:32:17","slug":"financiarios-encaminham-pauta-de-reinvindicacoes-da-campanha-nacional-2020-a-fenacrefi","status":"publish","type":"post","link":"https:\/\/hostnetart.com.br\/baixada\/financiarios-encaminham-pauta-de-reinvindicacoes-da-campanha-nacional-2020-a-fenacrefi\/","title":{"rendered":"Financi\u00e1rios encaminham pauta de reinvindica\u00e7\u00f5es da Campanha Nacional 2020 \u00e0 Fenacrefi"},"content":{"rendered":"<p>A Comiss\u00e3o de Organiza\u00e7\u00e3o dos Financi\u00e1rios encaminhou \u00e0 Federa\u00e7\u00e3o Interestadual das Institui\u00e7\u00f5es de Cr\u00e9dito, Financiamento e Investimento (Fenacrefi) a\u00a0<a href=\"https:\/\/contrafcut.com.br\/wp-content\/uploads\/2020\/06\/of-11220-abertura-de-negociacao-referente-data-base.pdf?x85106\" target=\"_blank\" rel=\"noopener noreferrer\">pauta de reivindica\u00e7\u00f5es dos financi\u00e1rios<\/a>, que tem a data-base em 1 de junho.<\/p>\n<p>A categoria reivindica a renova\u00e7\u00e3o da atual Conven\u00e7\u00e3o Coletiva de Trabalho (CCT) pelo per\u00edodo de dois anos, com validade entre 1\u00ba de junho de 2020 a 31 de maio de 2022, e assinatura de termo de compromisso para prorroga\u00e7\u00e3o das cl\u00e1usulas econ\u00f4micas at\u00e9 o m\u00eas de setembro de 2020, com a discuss\u00e3o futura sobre a aplica\u00e7\u00e3o do \u00cdndice Nacional de Pre\u00e7os ao Consumidor (INPC), sobre os valores da CCT vigente, retroativa a 1\u00ba de junho de 2020. Isto corresponder\u00e1 \u00e0 reposi\u00e7\u00e3o da infla\u00e7\u00e3o acumulada no per\u00edodo compreendido entre 1\u00ba de junho de 2019 a 31 de maio de 2020, al\u00e9m de aumento real de para igual per\u00edodo e o pagamento da Participa\u00e7\u00e3o nos Lucros e Resultados (PLR) para os exerc\u00edcios de 2020 e de 2021.<\/p>\n<h3>Pontos da pauta<\/h3>\n<p>Um dos pontos mais atuais da\u00a0<a href=\"https:\/\/contrafcut.com.br\/wp-content\/uploads\/2020\/06\/of-11220-abertura-de-negociacao-referente-data-base.pdf?x85106\" target=\"_blank\" rel=\"noopener noreferrer\">pauta de reivindica\u00e7\u00e3o<\/a>\u00a0\u00e9 a concess\u00e3o gratuitamente da vacina contra a gripe H1N1 aos empregados e seus dependentes ou ainda reembolsar as despesas com a vacina\u00e7\u00e3o nos exerc\u00edcios de 2020 e 2021 e o debate para a cria\u00e7\u00e3o de instrumento aditivo \u00e0 CCT dos Financi\u00e1rios sobre a pandemia do novo coronav\u00edrus, causador da Covid-19, a fim de minimizar os efeitos sobre a categoria.<\/p>\n<p>Outros anseios dos trabalhadores em financeiras s\u00e3o um per\u00edodo maior da assist\u00eancia m\u00e9dica e hospitalar aos empregados despedidos, a inclus\u00e3o do debate sobre o combate \u00e0 viol\u00eancia contra a mulher e cria\u00e7\u00e3o de protocolo, nos moldes daquele firmado entre o Comando Nacional dos Banc\u00e1rios e a Federa\u00e7\u00e3o Nacional dos Bancos (Fenaban), com a inclus\u00e3o de aditivo \u00e0 CCT dos Financi\u00e1rios.<\/p>\n<p>\u201cA preocupa\u00e7\u00e3o em rela\u00e7\u00e3o ao elevado n\u00famero de casos de viol\u00eancia contra a mulher, que se manifesta de v\u00e1rias maneiras, atrav\u00e9s de agress\u00e3o f\u00edsica, sexual, moral, patrimonial, psicol\u00f3gica e at\u00e9 mesmo virtual, precisa estar nos nossos debates constantemente. A norma coletiva ser\u00e1 destinada \u00e0s mulheres financi\u00e1rias que necessitarem de ajuda, para superar situa\u00e7\u00f5es de viol\u00eancia dom\u00e9stica e familiar, visando romper o ciclo dessa viol\u00eancia. Precisamos conter qualquer tipo de agress\u00e3o contra a mulher na nossa categoria\u201d, afirmou Jair Alves, coordenador da Comiss\u00e3o de Organiza\u00e7\u00e3o dos Financi\u00e1rios.<\/p>\n<p>Com o documento entregue, a Comiss\u00e3o de Organiza\u00e7\u00e3o dos Financi\u00e1rios aguarda o contato da Fenacrefi para iniciar a negocia\u00e7\u00e3o.<\/p>\n<p><strong>Fonte: Contraf-CUT<\/strong><\/p>\n","protected":false},"excerpt":{"rendered":"<p>A Comiss\u00e3o de Organiza\u00e7\u00e3o dos Financi\u00e1rios encaminhou \u00e0 Federa\u00e7\u00e3o Interestadual das Institui\u00e7\u00f5es de Cr\u00e9dito, Financiamento e Investimento (Fenacrefi) a\u00a0pauta de reivindica\u00e7\u00f5es dos financi\u00e1rios, que tem a data-base em 1 de junho. A categoria reivindica a renova\u00e7\u00e3o da atual Conven\u00e7\u00e3o Coletiva de Trabalho (CCT) pelo per\u00edodo de dois anos, com validade entre 1\u00ba de junho de [&hellip;]<\/p>\n","protected":false},"author":2,"featured_media":9063,"comment_status":"","ping_status":"","sticky":false,"template":"","format":"standard","meta":{"footnotes":""},"categories":[3],"tags":[],"class_list":["post-9064","post","type-post","status-publish","format-standard","has-post-thumbnail","hentry","category-noticias"],"_links":{"self":[{"href":"https:\/\/hostnetart.com.br\/baixada\/wp-json\/wp\/v2\/posts\/9064","targetHints":{"allow":["GET"]}}],"collection":[{"href":"https:\/\/hostnetart.com.br\/baixada\/wp-json\/wp\/v2\/posts"}],"about":[{"href":"https:\/\/hostnetart.com.br\/baixada\/wp-json\/wp\/v2\/types\/post"}],"author":[{"embeddable":true,"href":"https:\/\/hostnetart.com.br\/baixada\/wp-json\/wp\/v2\/users\/2"}],"replies":[{"embeddable":true,"href":"https:\/\/hostnetart.com.br\/baixada\/wp-json\/wp\/v2\/comments?post=9064"}],"version-history":[{"count":0,"href":"https:\/\/hostnetart.com.br\/baixada\/wp-json\/wp\/v2\/posts\/9064\/revisions"}],"wp:featuredmedia":[{"embeddable":true,"href":"https:\/\/hostnetart.com.br\/baixada\/wp-json\/wp\/v2\/media\/9063"}],"wp:attachment":[{"href":"https:\/\/hostnetart.com.br\/baixada\/wp-json\/wp\/v2\/media?parent=9064"}],"wp:term":[{"taxonomy":"category","embeddable":true,"href":"https:\/\/hostnetart.com.br\/baixada\/wp-json\/wp\/v2\/categories?post=9064"},{"taxonomy":"post_tag","embeddable":true,"href":"https:\/\/hostnetart.com.br\/baixada\/wp-json\/wp\/v2\/tags?post=9064"}],"curies":[{"name":"wp","href":"https:\/\/api.w.org\/{rel}","templated":true}]}}