{"id":9058,"date":"2020-06-10T14:49:49","date_gmt":"2020-06-10T17:49:49","guid":{"rendered":"https:\/\/hostnetart.com.br\/baixada\/santander-demite-funcionarios-e-toma-medidas-contra-prevencao\/"},"modified":"2020-06-10T14:49:49","modified_gmt":"2020-06-10T17:49:49","slug":"santander-demite-funcionarios-e-toma-medidas-contra-prevencao","status":"publish","type":"post","link":"https:\/\/hostnetart.com.br\/baixada\/santander-demite-funcionarios-e-toma-medidas-contra-prevencao\/","title":{"rendered":"Santander demite funcion\u00e1rios e toma medidas contra preven\u00e7\u00e3o"},"content":{"rendered":"<p>O banco Santander descumpriu promessa,\u00a0<a href=\"https:\/\/economia.estadao.com.br\/noticias\/geral,mais-de-4-mil-empresas-prometem-nao-demitir-durante-crise-do-coronavirus,70003269807\" target=\"_blank\" rel=\"noopener noreferrer\">anunciada \u00e0 imprensa<\/a>\u00a0e\u00a0<a href=\"https:\/\/contrafcut.com.br\/noticias\/santander-atende-pedido-do-comando-dos-bancarios-e-nao-demitira-durante-a-pandemia\/\" target=\"_blank\" rel=\"noopener noreferrer\">confirmada \u00e0s entidades sindicais<\/a>, de que n\u00e3o demitiria funcion\u00e1rios durante a pandemia causada pelo novo coronav\u00edrus. Na \u00faltima sexta-feira (5), o banco mandou embora ao menos 15 trabalhadores na base do Sindicato dos Banc\u00e1rios de S\u00e3o Paulo, Osasco e Regi\u00e3o. H\u00e1 den\u00fancias de que as demiss\u00f5es continuaram a ocorrer nesta segunda-feira e que atingiu outras cidades do pa\u00eds, como Rio de Janeiro e Niter\u00f3i.<\/p>\n<p>\u201cO pr\u00f3prio\u00a0<a href=\"https:\/\/santanderimprensa.com.br\/santander-nao-iniciara-processos-de-demissao-durante-periodo-critico-de-epidemia\/\" target=\"_blank\" rel=\"noopener noreferrer\">banco anunciou o compromisso<\/a>\u00a0em seu site, dizendo claramente que n\u00e3o promoveria \u2018<strong>nenhum processo de demiss\u00e3o<\/strong>\u00a0em todo o territ\u00f3rio nacional durante o per\u00edodo mais cr\u00edtico da epidemia de Covid-19\u2019\u201d, informou o secret\u00e1rio de Assuntos Socioecon\u00f4micos e representante da Confedera\u00e7\u00e3o Nacional dos Trabalhadores do Ramo Financeiro (Contraf-CUT) nas negocia\u00e7\u00f5es com o Santander, M\u00e1rio Raia, que \u00e9 funcion\u00e1rio do banco. \u201cA suspens\u00e3o das demiss\u00f5es foi uma reivindica\u00e7\u00e3o do movimento sindical, para que a categoria n\u00e3o fosse prejudicada e para impedir preju\u00edzos ainda maiores \u00e0 economia, uma vez que muitas empresas poderiam iniciar um processo de demiss\u00f5es que levaria \u00e0 explos\u00e3o do desemprego no pa\u00eds\u201d, disse.<\/p>\n<p>Dados consolidados do Cadastro Geral de Empregados e Desempregados (Caged) mostram que foram fechados 1,1 milh\u00e3o de postos de trabalho com carteira assinada no Brasil nos meses de mar\u00e7o e abril deste ano, per\u00edodo que combina com o in\u00edcio do isolamento social no pa\u00eds.<\/p>\n<p>A Pesquisa Nacional por Amostra de Domic\u00edlios (Pnad) Cont\u00ednua, do IBGE, mostra que a taxa de desocupa\u00e7\u00e3o no Brasil fechou abril em 12,6%, mas pode ser ainda maior, segundo a economista Vivian Machado, do Departamento Intersindical de Estat\u00edsticas e Estudos Socioecon\u00f4micos (Dieese).<\/p>\n<p>\u201cA metodologia da pesquisa s\u00f3 considera desempregado quem est\u00e1 procurando emprego, ou esteja dispon\u00edvel para trabalhar. Com o isolamento social, o dimensionamento pode ter sido prejudicado, uma vez que impediu a busca por uma vaga\u201d, explicou a economista.<\/p>\n<blockquote class=\"wp-block-quote\">\n<p>Em 23 de mar\u00e7o anunciamos nosso compromisso p\u00fablico de n\u00e3o demitir funcion\u00e1rios durante o per\u00edodo cr\u00edtico da pandemia.\u201d<\/p>\n<p><cite>Vanessa Lobato, vice-presidente de RH do Santander no Brasil<\/cite><\/p><\/blockquote>\n<h3><strong>Sem justificativa<\/strong><\/h3>\n<p>Para M\u00e1rio, n\u00e3o existem justificativas para as demiss\u00f5es, uma vez que o banco divulgou recentemente um lucro de R$ 3,85 bilh\u00f5es nos tr\u00eas primeiros meses de 2020. Isso representa um crescimento de 10,5% na compara\u00e7\u00e3o com o mesmo per\u00edodo de 2019 e de 3,4% com o 4\u00ba trimestre. A rentabilidade do Santander no Brasil atingiu 22,3%.<\/p>\n<p>O resultado \u00e9 t\u00e3o significativo que, pelo terceiro trimestre seguido, representa quase 30% de todo o lucro que banco tem no mundo todo. O banco lucra mais no Brasil do que em qualquer outro pa\u00eds, inclusive na Espanha.<\/p>\n<p>\u201cAl\u00e9m disso, o Banco Central liberou R$ 3,2 trilh\u00f5es para os bancos, R$ 1,2 trilh\u00e3o de liquidez. Esse dinheiro n\u00e3o pode ficar empo\u00e7ado e servir apenas para os bancos ganharem ainda mais em cima de dinheiro p\u00fablico e n\u00e3o manter nenhum compromisso social\u201d, ressaltou o dirigente sindical.<\/p>\n<h3><strong>Curva crescente da Covid-19<\/strong><\/h3>\n<p>\u201cTamb\u00e9m n\u00e3o d\u00e1 para dizer que \u2018o per\u00edodo mais cr\u00edtico da epidemia\u2019 j\u00e1 passou. Apesar de o governo querer esconder os dados, vemos que o n\u00famero de mortes bate recorde a cada dia e o de infectados tamb\u00e9m n\u00e3o para de subir. Al\u00e9m disso, como destacou a reportagem do Estad\u00e3o, o pr\u00f3prio banco divulgou estudo dizendo que o pior momento da crise s\u00f3 vai ocorrer no final do segundo trimestre\u201d, observou.<\/p>\n<p><a href=\"https:\/\/g1.globo.com\/bemestar\/coronavirus\/noticia\/2020\/06\/08\/casos-de-coronavirus-e-numero-de-mortes-no-brasil-em-8-de-junho.ghtml\" target=\"_blank\" rel=\"noopener noreferrer\">Levantamento realizado pelo G1<\/a>\u00a0aponta que 36.602 pessoas morreram por Covid-19 no pa\u00eds at\u00e9 domingo 7\/6, quando foram confirmadas 1.382 mortes nas \u00faltimas 24h. O n\u00famero de casos confirmados, segundo levantamento do G1 \u00e9 de 694.116.<\/p>\n<h3><strong>Fim do home office<\/strong><\/h3>\n<p>Segundo a Comiss\u00e3o de Organiza\u00e7\u00e3o dos Empregados (COE) do Santander, o banco, que\u00a0<a href=\"https:\/\/contrafcut.com.br\/noticias\/santander-adota-medidas-que-podem-levar-ao-adoecimento\/\" target=\"_blank\" rel=\"noopener noreferrer\">j\u00e1 havia alterado o protocolo de sanitiza\u00e7\u00e3o das unidades<\/a>\u00a0onde foram confirmados casos de covid-19 e orientado seus diretores de rede de todo o pa\u00eds a produzirem e distribu\u00edrem v\u00eddeos aos funcion\u00e1rios dizendo que praticamente 100% das ag\u00eancias est\u00e3o abertas e orientando que os funcion\u00e1rios distribu\u00edssem os v\u00eddeos aos clientes, agora tem for\u00e7ado o retorno ao trabalho presencial durante a pandemia, o que contraria as recomenda\u00e7\u00f5es de especialistas em sa\u00fade e das autoridades sanit\u00e1rias.<\/p>\n<p>\u201cO banco tem agido como se nada estivesse acontecendo no pa\u00eds. Mas, estamos vivendo uma pandemia que j\u00e1 matou mais de 36 mil brasileiros. Na Espanha, o Santander tem agido de maneira diferente, o que deixa claro que, por aqui, a dire\u00e7\u00e3o se alinhou com o que h\u00e1 de pior para buscar enfraquecer as quarentenas e prejudicar os trabalhadores\u201d, disse M\u00e1rio Raia, que \u00e9 membro da COE Santander.<\/p>\n<p>Para os membros da COE, tanto as medidas adotadas pelo Santander, quanto os v\u00eddeos dos diretores de rede, seguem a linha ditada pelo presidente do banco no pa\u00eds, S\u00e9rgio Rial.<\/p>\n<p>Segundo os relatos, em videoconfer\u00eancia com funcion\u00e1rios, Rial cobrou o cumprimento de metas e amea\u00e7ou demiss\u00f5es caso as mesmas n\u00e3o sejam cumpridas, dizendo, inclusive, que aqueles que pensam diferente e n\u00e3o colaboram prestam um desservi\u00e7o ao banco e contribuem para um baixo n\u00edvel de produtividade.<\/p>\n<p><strong>Fonte: Contraf-CUT<\/strong><\/p>\n","protected":false},"excerpt":{"rendered":"<p>O banco Santander descumpriu promessa,\u00a0anunciada \u00e0 imprensa\u00a0e\u00a0confirmada \u00e0s entidades sindicais, de que n\u00e3o demitiria funcion\u00e1rios durante a pandemia causada pelo novo coronav\u00edrus. Na \u00faltima sexta-feira (5), o banco mandou embora ao menos 15 trabalhadores na base do Sindicato dos Banc\u00e1rios de S\u00e3o Paulo, Osasco e Regi\u00e3o. H\u00e1 den\u00fancias de que as demiss\u00f5es continuaram a ocorrer [&hellip;]<\/p>\n","protected":false},"author":2,"featured_media":9057,"comment_status":"","ping_status":"","sticky":false,"template":"","format":"standard","meta":{"footnotes":""},"categories":[3],"tags":[],"class_list":["post-9058","post","type-post","status-publish","format-standard","has-post-thumbnail","hentry","category-noticias"],"_links":{"self":[{"href":"https:\/\/hostnetart.com.br\/baixada\/wp-json\/wp\/v2\/posts\/9058","targetHints":{"allow":["GET"]}}],"collection":[{"href":"https:\/\/hostnetart.com.br\/baixada\/wp-json\/wp\/v2\/posts"}],"about":[{"href":"https:\/\/hostnetart.com.br\/baixada\/wp-json\/wp\/v2\/types\/post"}],"author":[{"embeddable":true,"href":"https:\/\/hostnetart.com.br\/baixada\/wp-json\/wp\/v2\/users\/2"}],"replies":[{"embeddable":true,"href":"https:\/\/hostnetart.com.br\/baixada\/wp-json\/wp\/v2\/comments?post=9058"}],"version-history":[{"count":0,"href":"https:\/\/hostnetart.com.br\/baixada\/wp-json\/wp\/v2\/posts\/9058\/revisions"}],"wp:featuredmedia":[{"embeddable":true,"href":"https:\/\/hostnetart.com.br\/baixada\/wp-json\/wp\/v2\/media\/9057"}],"wp:attachment":[{"href":"https:\/\/hostnetart.com.br\/baixada\/wp-json\/wp\/v2\/media?parent=9058"}],"wp:term":[{"taxonomy":"category","embeddable":true,"href":"https:\/\/hostnetart.com.br\/baixada\/wp-json\/wp\/v2\/categories?post=9058"},{"taxonomy":"post_tag","embeddable":true,"href":"https:\/\/hostnetart.com.br\/baixada\/wp-json\/wp\/v2\/tags?post=9058"}],"curies":[{"name":"wp","href":"https:\/\/api.w.org\/{rel}","templated":true}]}}