{"id":9056,"date":"2020-06-09T23:16:00","date_gmt":"2020-06-10T02:16:00","guid":{"rendered":"https:\/\/hostnetart.com.br\/baixada\/chat-da-contraf-cut-saiba-quais-sao-as-perguntas-mais-frequentes\/"},"modified":"2020-06-09T23:16:00","modified_gmt":"2020-06-10T02:16:00","slug":"chat-da-contraf-cut-saiba-quais-sao-as-perguntas-mais-frequentes","status":"publish","type":"post","link":"https:\/\/hostnetart.com.br\/baixada\/chat-da-contraf-cut-saiba-quais-sao-as-perguntas-mais-frequentes\/","title":{"rendered":"Chat da Contraf-CUT: saiba quais s\u00e3o as perguntas mais frequentes"},"content":{"rendered":"<p>A Confedera\u00e7\u00e3o Nacional dos Trabalhadores do Ramo Financeiro (Contraf-CUT) disponibilizou em seu site um chat para tirar d\u00favidas da categoria banc\u00e1ria sobre sa\u00fade e condi\u00e7\u00f5es de trabalho durante a pandemia do Coronav\u00edrus. O canal de relacionamento foi criado h\u00e1 dois meses e recebe perguntas diariamente das 9h \u00e0s 18h, que s\u00e3o respondidas pelos diretores da confedera\u00e7\u00e3o.<\/p>\n<p>Saiba quais s\u00e3o as perguntas mais frequentes da categoria:<\/p>\n<h3><strong>Devido \u00e0 pandemia, o banc\u00e1rio que est\u00e1 em per\u00edodo de f\u00e9rias compuls\u00f3rias corre o risco de ser demitido?<\/strong><\/h3>\n<p>A pandemia e os problemas gerados no local de trabalho n\u00e3o s\u00e3o motivos para demiss\u00e3o. No caso de trabalhador do grupo de risco, o banco n\u00e3o deve aceitar o seu retorno ao trabalho. \u00c9 preciso esperar o t\u00e9rmino das f\u00e9rias e buscar informa\u00e7\u00e3o com o gestor sobre como se daria a manuten\u00e7\u00e3o do seu afastamento. Caso haja algum problema, procure o sindicato local.<\/p>\n<h3><strong>O Santander possui algum protocolo que defina a\u00e7\u00f5es em caso de cont\u00e1gio de coronav\u00edrus no local de trabalho?<\/strong><\/h3>\n<p>Caso haja um empregado com COVID-19 este deve ser afastado para tratamento bem como os demais colegas que tiveram contato com ele devem ser colocados em quarentena. O local de trabalho deve ser sanitizado. Caso esse protocolo n\u00e3o seja seguido procure o Sindicato.<\/p>\n<h3><strong>O banc\u00e1rio que testar positivo para Covid-19 precisa apresentar um atestado m\u00e9dico ou apenas o teste j\u00e1 \u00e9 suficiente?<\/strong><\/h3>\n<p>\u00c9 recomend\u00e1vel acompanhamento m\u00e9dico em caso de contamina\u00e7\u00e3o de COVID-19. Sendo assim deve pedir um laudo m\u00e9dico para apresentar ao bancos.<\/p>\n<p><strong>Fonte: Contraf-CUT<\/strong><\/p>\n","protected":false},"excerpt":{"rendered":"<p>A Confedera\u00e7\u00e3o Nacional dos Trabalhadores do Ramo Financeiro (Contraf-CUT) disponibilizou em seu site um chat para tirar d\u00favidas da categoria banc\u00e1ria sobre sa\u00fade e condi\u00e7\u00f5es de trabalho durante a pandemia do Coronav\u00edrus. O canal de relacionamento foi criado h\u00e1 dois meses e recebe perguntas diariamente das 9h \u00e0s 18h, que s\u00e3o respondidas pelos diretores da [&hellip;]<\/p>\n","protected":false},"author":2,"featured_media":9055,"comment_status":"","ping_status":"","sticky":false,"template":"","format":"standard","meta":{"footnotes":""},"categories":[3],"tags":[],"class_list":["post-9056","post","type-post","status-publish","format-standard","has-post-thumbnail","hentry","category-noticias"],"_links":{"self":[{"href":"https:\/\/hostnetart.com.br\/baixada\/wp-json\/wp\/v2\/posts\/9056","targetHints":{"allow":["GET"]}}],"collection":[{"href":"https:\/\/hostnetart.com.br\/baixada\/wp-json\/wp\/v2\/posts"}],"about":[{"href":"https:\/\/hostnetart.com.br\/baixada\/wp-json\/wp\/v2\/types\/post"}],"author":[{"embeddable":true,"href":"https:\/\/hostnetart.com.br\/baixada\/wp-json\/wp\/v2\/users\/2"}],"replies":[{"embeddable":true,"href":"https:\/\/hostnetart.com.br\/baixada\/wp-json\/wp\/v2\/comments?post=9056"}],"version-history":[{"count":0,"href":"https:\/\/hostnetart.com.br\/baixada\/wp-json\/wp\/v2\/posts\/9056\/revisions"}],"wp:featuredmedia":[{"embeddable":true,"href":"https:\/\/hostnetart.com.br\/baixada\/wp-json\/wp\/v2\/media\/9055"}],"wp:attachment":[{"href":"https:\/\/hostnetart.com.br\/baixada\/wp-json\/wp\/v2\/media?parent=9056"}],"wp:term":[{"taxonomy":"category","embeddable":true,"href":"https:\/\/hostnetart.com.br\/baixada\/wp-json\/wp\/v2\/categories?post=9056"},{"taxonomy":"post_tag","embeddable":true,"href":"https:\/\/hostnetart.com.br\/baixada\/wp-json\/wp\/v2\/tags?post=9056"}],"curies":[{"name":"wp","href":"https:\/\/api.w.org\/{rel}","templated":true}]}}