{"id":9052,"date":"2020-06-09T22:46:53","date_gmt":"2020-06-10T01:46:53","guid":{"rendered":"https:\/\/hostnetart.com.br\/baixada\/bancos-vao-cumprir-o-feriado-nacional\/"},"modified":"2020-06-09T22:46:53","modified_gmt":"2020-06-10T01:46:53","slug":"bancos-vao-cumprir-o-feriado-nacional","status":"publish","type":"post","link":"https:\/\/hostnetart.com.br\/baixada\/bancos-vao-cumprir-o-feriado-nacional\/","title":{"rendered":"Bancos v\u00e3o cumprir o feriado nacional"},"content":{"rendered":"<div class=\"elementor-element elementor-element-194680ec elementor-widget elementor-widget-theme-post-content\" data-id=\"194680ec\" data-element_type=\"widget\" data-widget_type=\"theme-post-content.default\">\n<div class=\"elementor-widget-container\">\n<p>Depois de cobran\u00e7a do Comando Nacional dos Banc\u00e1rios, a Federa\u00e7\u00e3o Nacional dos Bancos (Fenaban) informou que todos os bancos v\u00e3o cumprir o feriado nacional de Corpus Christi, na pr\u00f3xima quinta-feira (11), e n\u00e3o v\u00e3o abrir as ag\u00eancias.<\/p>\n<\/div>\n<\/div>\n<div class=\"elementor-element elementor-element-12fb8eb elementor-widget elementor-widget-heading\" data-id=\"12fb8eb\" data-element_type=\"widget\" data-widget_type=\"heading.default\">\n<div class=\"elementor-widget-container\">\u00a0<\/div>\n<div class=\"elementor-widget-container\"><strong>Fonte: Contraf-CUT<\/strong><\/div>\n<\/div>\n","protected":false},"excerpt":{"rendered":"<p>Depois de cobran\u00e7a do Comando Nacional dos Banc\u00e1rios, a Federa\u00e7\u00e3o Nacional dos Bancos (Fenaban) informou que todos os bancos v\u00e3o cumprir o feriado nacional de Corpus Christi, na pr\u00f3xima quinta-feira (11), e n\u00e3o v\u00e3o abrir as ag\u00eancias. \u00a0 Fonte: Contraf-CUT<\/p>\n","protected":false},"author":2,"featured_media":9051,"comment_status":"","ping_status":"","sticky":false,"template":"","format":"standard","meta":{"footnotes":""},"categories":[3],"tags":[],"class_list":["post-9052","post","type-post","status-publish","format-standard","has-post-thumbnail","hentry","category-noticias"],"_links":{"self":[{"href":"https:\/\/hostnetart.com.br\/baixada\/wp-json\/wp\/v2\/posts\/9052","targetHints":{"allow":["GET"]}}],"collection":[{"href":"https:\/\/hostnetart.com.br\/baixada\/wp-json\/wp\/v2\/posts"}],"about":[{"href":"https:\/\/hostnetart.com.br\/baixada\/wp-json\/wp\/v2\/types\/post"}],"author":[{"embeddable":true,"href":"https:\/\/hostnetart.com.br\/baixada\/wp-json\/wp\/v2\/users\/2"}],"replies":[{"embeddable":true,"href":"https:\/\/hostnetart.com.br\/baixada\/wp-json\/wp\/v2\/comments?post=9052"}],"version-history":[{"count":0,"href":"https:\/\/hostnetart.com.br\/baixada\/wp-json\/wp\/v2\/posts\/9052\/revisions"}],"wp:featuredmedia":[{"embeddable":true,"href":"https:\/\/hostnetart.com.br\/baixada\/wp-json\/wp\/v2\/media\/9051"}],"wp:attachment":[{"href":"https:\/\/hostnetart.com.br\/baixada\/wp-json\/wp\/v2\/media?parent=9052"}],"wp:term":[{"taxonomy":"category","embeddable":true,"href":"https:\/\/hostnetart.com.br\/baixada\/wp-json\/wp\/v2\/categories?post=9052"},{"taxonomy":"post_tag","embeddable":true,"href":"https:\/\/hostnetart.com.br\/baixada\/wp-json\/wp\/v2\/tags?post=9052"}],"curies":[{"name":"wp","href":"https:\/\/api.w.org\/{rel}","templated":true}]}}