{"id":9050,"date":"2020-06-09T04:19:11","date_gmt":"2020-06-09T07:19:11","guid":{"rendered":"https:\/\/hostnetart.com.br\/baixada\/comando-cobra-que-bancos-retirem-alteracoes-do-artigo-224-na-mp-936\/"},"modified":"2020-06-09T04:19:11","modified_gmt":"2020-06-09T07:19:11","slug":"comando-cobra-que-bancos-retirem-alteracoes-do-artigo-224-na-mp-936","status":"publish","type":"post","link":"https:\/\/hostnetart.com.br\/baixada\/comando-cobra-que-bancos-retirem-alteracoes-do-artigo-224-na-mp-936\/","title":{"rendered":"Comando cobra que bancos retirem altera\u00e7\u00f5es do artigo 224 na MP 936"},"content":{"rendered":"<p>O Comando Nacional dos Banc\u00e1rios cobrou dos bancos, em reuni\u00e3o por videoconfer\u00eancia realizada nesta segunda-feira (8), o respeito \u00e0 Conven\u00e7\u00e3o Coletiva e retirada das\u00a0<a href=\"https:\/\/contrafcut.com.br\/noticias\/contraf-cut-pede-mudancas-ao-senado-na-mp-936\/\" target=\"_blank\" rel=\"noopener noreferrer\">altera\u00e7\u00f5es do artigo 224 inseridas na Medida Provis\u00f3ria 936<\/a>, sobre a jornada de trabalho dos banc\u00e1rios. A representa\u00e7\u00e3o dos trabalhadores tamb\u00e9m reivindicou a ultratividade da Conven\u00e7\u00e3o Coletiva de Trabalho (CCT) da categoria, a prorroga\u00e7\u00e3o da Conven\u00e7\u00e3o e os Acordos at\u00e9 que seja assinado um novo; a volta das homologa\u00e7\u00f5es de rescis\u00f5es de contratos nos sindicatos e a\u00a0<a href=\"https:\/\/contrafcut.com.br\/noticias\/comando-nacional-dos-bancarios-reivindica-cumprimento-da-cct-durante-a-pandemia\/\" target=\"_blank\" rel=\"noopener noreferrer\">resposta<\/a>\u00a0com rela\u00e7\u00e3o \u00e0 complementa\u00e7\u00e3o salarial dos trabalhadores que receberam alta do tratamento de sa\u00fade pelo INSS, mas n\u00e3o t\u00eam condi\u00e7\u00f5es para voltar ao trabalho.<\/p>\n<p>A comiss\u00e3o de negocia\u00e7\u00f5es da Federa\u00e7\u00e3o Nacional dos Bancos vai se reunir ainda nesta segunda-feira para debater com os bancos as reivindica\u00e7\u00f5es da categoria e ficou de dar a resposta at\u00e9 esta ter\u00e7a-feira (9).<\/p>\n<p>\u201cNossa cobran\u00e7a \u00e9 que eles retirem a proposta de altera\u00e7\u00e3o da jornada da\u00a0<a href=\"https:\/\/legis.senado.leg.br\/sdleg-getter\/documento?dm=8116539&amp;ts=1591215387262&amp;disposition=inline\" target=\"_blank\" rel=\"noopener noreferrer\">MP 936<\/a>. Por\u00e9m \u00e9 importante assegurar a renova\u00e7\u00e3o do nosso acordo firmado em dezembro, que mant\u00e9m a jornada como est\u00e1, sem altera\u00e7\u00e3o\u201d, afirmou a presidenta da Confedera\u00e7\u00e3o Nacional dos Trabalhadores do Ramo Financeiro (Contraf-CUT), Juvandia Moreira, que \u00e9 uma das coordenadoras do Comando Nacional dos Banc\u00e1rios. \u201cAssegurar a ultratividade da nossa CCT, que garante aos banc\u00e1rios os direitos da atual conven\u00e7\u00e3o at\u00e9 o final de 2020 ou, at\u00e9 que se realize um novo acordo \u00e9 outro ponto que n\u00e3o abrimos m\u00e3o\u201d, completou. \u201cRegistramos que seguiremos articulando com os Senadores a n\u00e3o aprova\u00e7\u00e3o dessa altera\u00e7\u00e3o ao artigo que prev\u00ea jornada de 6h\u201d, destacou Juvandia.<\/p>\n<p>\u201cProrrogar a validade do acordo de manuten\u00e7\u00e3o da jornada \u00e9 importante neste momento. Os banc\u00e1rios n\u00e3o sofrer\u00e3o altera\u00e7\u00f5es na jornada de trabalho, pelo menos, at\u00e9 o final de 2021\u201d, disse a presidenta do Sindicato dos Banc\u00e1rios de S\u00e3o Paulo, Osasco e Regi\u00e3o, Ivone Silva, que coordena o Comando Nacional dos Banc\u00e1rios, juntamente com Juvandia.<\/p>\n<p>Os representantes dos bancos tamb\u00e9m v\u00e3o debater sobre a aceita\u00e7\u00e3o da volta das homologa\u00e7\u00f5es das rescis\u00f5es de contrato de trabalho nos sindicatos.<\/p>\n<h3>Cl\u00e1usula 29<\/h3>\n<p>A Fenaban disse que o debate sobre o cumprimento pelos bancos da cl\u00e1usula 29 da CCT, que trata de complementa\u00e7\u00e3o de aux\u00edlio doen\u00e7a previdenci\u00e1rio, \u00e9 uma quest\u00e3o um pouco mais t\u00e9cnica e, por isso, ainda n\u00e3o deram resposta sobre a reivindica\u00e7\u00e3o feita na<a href=\"https:\/\/contrafcut.com.br\/noticias\/comando-nacional-dos-bancarios-reivindica-cumprimento-da-cct-durante-a-pandemia\/\" target=\"_blank\" rel=\"noopener noreferrer\">\u00a0reuni\u00e3o da mesa de sa\u00fade ocorrida no dia 2<\/a>, quando os sindicatos informaram \u00e0 Fenaban que as altera\u00e7\u00f5es nas regras da concess\u00e3o de benef\u00edcios previdenci\u00e1rios \u2013conforme a lei 13.982\u2013 que garante somente o direito a uma antecipa\u00e7\u00e3o do aux\u00edlio doen\u00e7a no valor de um sal\u00e1rio m\u00ednimo mensal por tr\u00eas meses (1.045,00), durante a pandemia est\u00e3o prejudicando os banc\u00e1rios e os deixando sem renda.<\/p>\n<p><strong>Fonte: Contraf-CUT<\/strong><\/p>\n","protected":false},"excerpt":{"rendered":"<p>O Comando Nacional dos Banc\u00e1rios cobrou dos bancos, em reuni\u00e3o por videoconfer\u00eancia realizada nesta segunda-feira (8), o respeito \u00e0 Conven\u00e7\u00e3o Coletiva e retirada das\u00a0altera\u00e7\u00f5es do artigo 224 inseridas na Medida Provis\u00f3ria 936, sobre a jornada de trabalho dos banc\u00e1rios. A representa\u00e7\u00e3o dos trabalhadores tamb\u00e9m reivindicou a ultratividade da Conven\u00e7\u00e3o Coletiva de Trabalho (CCT) da categoria, [&hellip;]<\/p>\n","protected":false},"author":2,"featured_media":9049,"comment_status":"","ping_status":"","sticky":false,"template":"","format":"standard","meta":{"footnotes":""},"categories":[3],"tags":[],"class_list":["post-9050","post","type-post","status-publish","format-standard","has-post-thumbnail","hentry","category-noticias"],"_links":{"self":[{"href":"https:\/\/hostnetart.com.br\/baixada\/wp-json\/wp\/v2\/posts\/9050","targetHints":{"allow":["GET"]}}],"collection":[{"href":"https:\/\/hostnetart.com.br\/baixada\/wp-json\/wp\/v2\/posts"}],"about":[{"href":"https:\/\/hostnetart.com.br\/baixada\/wp-json\/wp\/v2\/types\/post"}],"author":[{"embeddable":true,"href":"https:\/\/hostnetart.com.br\/baixada\/wp-json\/wp\/v2\/users\/2"}],"replies":[{"embeddable":true,"href":"https:\/\/hostnetart.com.br\/baixada\/wp-json\/wp\/v2\/comments?post=9050"}],"version-history":[{"count":0,"href":"https:\/\/hostnetart.com.br\/baixada\/wp-json\/wp\/v2\/posts\/9050\/revisions"}],"wp:featuredmedia":[{"embeddable":true,"href":"https:\/\/hostnetart.com.br\/baixada\/wp-json\/wp\/v2\/media\/9049"}],"wp:attachment":[{"href":"https:\/\/hostnetart.com.br\/baixada\/wp-json\/wp\/v2\/media?parent=9050"}],"wp:term":[{"taxonomy":"category","embeddable":true,"href":"https:\/\/hostnetart.com.br\/baixada\/wp-json\/wp\/v2\/categories?post=9050"},{"taxonomy":"post_tag","embeddable":true,"href":"https:\/\/hostnetart.com.br\/baixada\/wp-json\/wp\/v2\/tags?post=9050"}],"curies":[{"name":"wp","href":"https:\/\/api.w.org\/{rel}","templated":true}]}}