{"id":9048,"date":"2020-06-09T04:17:42","date_gmt":"2020-06-09T07:17:42","guid":{"rendered":"https:\/\/hostnetart.com.br\/baixada\/contraf-cut-e-contra-implementacao-da-mp-936-sem-negociacao-com-os-sindicatos\/"},"modified":"2020-06-09T04:17:42","modified_gmt":"2020-06-09T07:17:42","slug":"contraf-cut-e-contra-implementacao-da-mp-936-sem-negociacao-com-os-sindicatos","status":"publish","type":"post","link":"https:\/\/hostnetart.com.br\/baixada\/contraf-cut-e-contra-implementacao-da-mp-936-sem-negociacao-com-os-sindicatos\/","title":{"rendered":"Contraf-CUT \u00e9 contra implementa\u00e7\u00e3o da MP 936 sem negocia\u00e7\u00e3o com os sindicatos"},"content":{"rendered":"<p>A Confedera\u00e7\u00e3o Nacional dos Trabalhadores do Ramo Financeiro (Contraf-CUT) \u00e9 veemente contra a postura do banco Alfa de aplicar a suspens\u00e3o tempor\u00e1ria de contratos e a redu\u00e7\u00e3o proporcional de jornada e sal\u00e1rios, com a suplementa\u00e7\u00e3o parcial da renda perdida pelo trabalhador atrav\u00e9s de um benef\u00edcio emergencial pago pela Uni\u00e3o, previstos na Medida Provis\u00f3ria 936, sem negocia\u00e7\u00e3o pr\u00e9via com os sindicatos.<\/p>\n<p>A empresa apenas comunicou as entidades representativas dos trabalhadores por of\u00edcio, no final da tarde da \u00faltima sexta-feira (5). \u201c\u00c9 uma postura de total desrespeito com os trabalhadores e com o movimento sindical. N\u00f3s queremos que a institui\u00e7\u00e3o volte para a mesa de negocia\u00e7\u00e3o para discutir os crit\u00e9rios dos contratos\u201d, afirmou Jair Alves, dirigente da Contraf-CUT respons\u00e1vel pelas as negocia\u00e7\u00f5es com as financeiras.<\/p>\n<p><strong>Fonte: Contraf-CUT<\/strong><\/p>\n","protected":false},"excerpt":{"rendered":"<p>A Confedera\u00e7\u00e3o Nacional dos Trabalhadores do Ramo Financeiro (Contraf-CUT) \u00e9 veemente contra a postura do banco Alfa de aplicar a suspens\u00e3o tempor\u00e1ria de contratos e a redu\u00e7\u00e3o proporcional de jornada e sal\u00e1rios, com a suplementa\u00e7\u00e3o parcial da renda perdida pelo trabalhador atrav\u00e9s de um benef\u00edcio emergencial pago pela Uni\u00e3o, previstos na Medida Provis\u00f3ria 936, sem [&hellip;]<\/p>\n","protected":false},"author":2,"featured_media":9047,"comment_status":"","ping_status":"","sticky":false,"template":"","format":"standard","meta":{"footnotes":""},"categories":[3],"tags":[],"class_list":["post-9048","post","type-post","status-publish","format-standard","has-post-thumbnail","hentry","category-noticias"],"_links":{"self":[{"href":"https:\/\/hostnetart.com.br\/baixada\/wp-json\/wp\/v2\/posts\/9048","targetHints":{"allow":["GET"]}}],"collection":[{"href":"https:\/\/hostnetart.com.br\/baixada\/wp-json\/wp\/v2\/posts"}],"about":[{"href":"https:\/\/hostnetart.com.br\/baixada\/wp-json\/wp\/v2\/types\/post"}],"author":[{"embeddable":true,"href":"https:\/\/hostnetart.com.br\/baixada\/wp-json\/wp\/v2\/users\/2"}],"replies":[{"embeddable":true,"href":"https:\/\/hostnetart.com.br\/baixada\/wp-json\/wp\/v2\/comments?post=9048"}],"version-history":[{"count":0,"href":"https:\/\/hostnetart.com.br\/baixada\/wp-json\/wp\/v2\/posts\/9048\/revisions"}],"wp:featuredmedia":[{"embeddable":true,"href":"https:\/\/hostnetart.com.br\/baixada\/wp-json\/wp\/v2\/media\/9047"}],"wp:attachment":[{"href":"https:\/\/hostnetart.com.br\/baixada\/wp-json\/wp\/v2\/media?parent=9048"}],"wp:term":[{"taxonomy":"category","embeddable":true,"href":"https:\/\/hostnetart.com.br\/baixada\/wp-json\/wp\/v2\/categories?post=9048"},{"taxonomy":"post_tag","embeddable":true,"href":"https:\/\/hostnetart.com.br\/baixada\/wp-json\/wp\/v2\/tags?post=9048"}],"curies":[{"name":"wp","href":"https:\/\/api.w.org\/{rel}","templated":true}]}}