{"id":9046,"date":"2020-06-08T14:36:31","date_gmt":"2020-06-08T17:36:31","guid":{"rendered":"https:\/\/hostnetart.com.br\/baixada\/comando-nacional-se-reune-com-a-fenaban-nesta-2-feira\/"},"modified":"2020-06-08T14:36:31","modified_gmt":"2020-06-08T17:36:31","slug":"comando-nacional-se-reune-com-a-fenaban-nesta-2-feira","status":"publish","type":"post","link":"https:\/\/hostnetart.com.br\/baixada\/comando-nacional-se-reune-com-a-fenaban-nesta-2-feira\/","title":{"rendered":"Comando Nacional se re\u00fane com a Fenaban nesta 2\u00aa feira"},"content":{"rendered":"<p>O Comando Nacional dos Banc\u00e1rios se re\u00fane, por videoconfer\u00eancia, com a Federa\u00e7\u00e3o Nacional dos Bancos na tarde desta segunda-feira (8) para dar continuidade \u00e0s negocia\u00e7\u00f5es sobre medidas de preven\u00e7\u00e3o \u00e0 Covid-19 e tratar sobre a manuten\u00e7\u00e3o da atual jornada de trabalho dos banc\u00e1rios.<\/p>\n<p>No dia 28 de maio, a C\u00e2mara dos Deputados aprovou a Medida Provis\u00f3ria 936\/2020, originalmente editada para instituir o Programa Emergencial de Manuten\u00e7\u00e3o do Emprego e da Renda e dispor sobre medidas trabalhistas complementares para enfrentamento do estado de calamidade p\u00fablica reconhecido pelo Decreto Legislativo n\u00ba 6\/2020. Os deputados mudaram o texto e inclu\u00edram uma altera\u00e7\u00e3o na reda\u00e7\u00e3o do par\u00e1grafo segundo do artigo 224 da CLT, que trata da jornada de trabalho dos banc\u00e1rios.<\/p>\n<p>\u201cEm dezembro de 2019 assinamos um aditivo \u00e0 nossa CCT que pro\u00edbe qualquer altera\u00e7\u00e3o na jornada da categoria\u201d, disse a presidenta da Confedera\u00e7\u00e3o Nacional dos Trabalhadores do Ramo Financeiro (Contraf-CUT), Juvandia Moreira, que \u00e9 uma das coordenadoras do Comando Nacional dos Banc\u00e1rios. \u201cAs altera\u00e7\u00f5es aprovadas v\u00e3o muito al\u00e9m de pol\u00edticas emergenciais necess\u00e1rias, elas trazem modifica\u00e7\u00f5es na legisla\u00e7\u00e3o trabalhista cuja urg\u00eancia e oportunidade inexistem\u201d, completou.<\/p>\n<h3>Negocia\u00e7\u00f5es<\/h3>\n<p>A categoria foi a primeira a constituir negocia\u00e7\u00f5es com o patronato para discutir medidas para a preven\u00e7\u00e3o da sa\u00fade dos trabalhadores em meio \u00e0 pandemia. Diversas reivindica\u00e7\u00f5es foram atendidas pelos bancos, entre elas a libera\u00e7\u00e3o de cerca de 300 mil banc\u00e1rios, que foram mandados para casa para realizar trabalho home office, ou dispensados de suas tarefas por fazer parte de grupos de risco \u00e0 doen\u00e7a.<\/p>\n<p>Acompanhe nosso site para mais informa\u00e7\u00f5es sobre os resultados da reuni\u00e3o.<\/p>\n<p><strong>Fonte: Contraf-CUT<\/strong><\/p>\n","protected":false},"excerpt":{"rendered":"<p>O Comando Nacional dos Banc\u00e1rios se re\u00fane, por videoconfer\u00eancia, com a Federa\u00e7\u00e3o Nacional dos Bancos na tarde desta segunda-feira (8) para dar continuidade \u00e0s negocia\u00e7\u00f5es sobre medidas de preven\u00e7\u00e3o \u00e0 Covid-19 e tratar sobre a manuten\u00e7\u00e3o da atual jornada de trabalho dos banc\u00e1rios. No dia 28 de maio, a C\u00e2mara dos Deputados aprovou a Medida [&hellip;]<\/p>\n","protected":false},"author":2,"featured_media":9045,"comment_status":"","ping_status":"","sticky":false,"template":"","format":"standard","meta":{"footnotes":""},"categories":[3],"tags":[],"class_list":["post-9046","post","type-post","status-publish","format-standard","has-post-thumbnail","hentry","category-noticias"],"_links":{"self":[{"href":"https:\/\/hostnetart.com.br\/baixada\/wp-json\/wp\/v2\/posts\/9046","targetHints":{"allow":["GET"]}}],"collection":[{"href":"https:\/\/hostnetart.com.br\/baixada\/wp-json\/wp\/v2\/posts"}],"about":[{"href":"https:\/\/hostnetart.com.br\/baixada\/wp-json\/wp\/v2\/types\/post"}],"author":[{"embeddable":true,"href":"https:\/\/hostnetart.com.br\/baixada\/wp-json\/wp\/v2\/users\/2"}],"replies":[{"embeddable":true,"href":"https:\/\/hostnetart.com.br\/baixada\/wp-json\/wp\/v2\/comments?post=9046"}],"version-history":[{"count":0,"href":"https:\/\/hostnetart.com.br\/baixada\/wp-json\/wp\/v2\/posts\/9046\/revisions"}],"wp:featuredmedia":[{"embeddable":true,"href":"https:\/\/hostnetart.com.br\/baixada\/wp-json\/wp\/v2\/media\/9045"}],"wp:attachment":[{"href":"https:\/\/hostnetart.com.br\/baixada\/wp-json\/wp\/v2\/media?parent=9046"}],"wp:term":[{"taxonomy":"category","embeddable":true,"href":"https:\/\/hostnetart.com.br\/baixada\/wp-json\/wp\/v2\/categories?post=9046"},{"taxonomy":"post_tag","embeddable":true,"href":"https:\/\/hostnetart.com.br\/baixada\/wp-json\/wp\/v2\/tags?post=9046"}],"curies":[{"name":"wp","href":"https:\/\/api.w.org\/{rel}","templated":true}]}}