{"id":9044,"date":"2020-06-08T14:35:37","date_gmt":"2020-06-08T17:35:37","guid":{"rendered":"https:\/\/hostnetart.com.br\/baixada\/contraf-cut-reivindica-retirada-de-alteracao-da-clt-da-mp-936\/"},"modified":"2020-06-08T14:35:37","modified_gmt":"2020-06-08T17:35:37","slug":"contraf-cut-reivindica-retirada-de-alteracao-da-clt-da-mp-936","status":"publish","type":"post","link":"https:\/\/hostnetart.com.br\/baixada\/contraf-cut-reivindica-retirada-de-alteracao-da-clt-da-mp-936\/","title":{"rendered":"Contraf-CUT reivindica retirada de altera\u00e7\u00e3o da CLT da MP 936"},"content":{"rendered":"<p>A Confedera\u00e7\u00e3o Nacional dos Trabalhadores do Ramo Financeiro (Contraf-CUT)\u00a0<a href=\"https:\/\/contrafcut.com.br\/wp-content\/uploads\/2020\/06\/oficio-ao-senador-relator-do-plc-no-15-referente-a-mp-936-2a-versacc83o.pdf?x85106\" target=\"_blank\" rel=\"noopener noreferrer\">enviou um of\u00edcio ao relator da Medida Provis\u00f3ria (MP<\/a>), senador Vanderlan Cardoso (PSD-GO), para manifestar preocupa\u00e7\u00e3o com a aprova\u00e7\u00e3o pela C\u00e2mara dos Deputados Federais, no dia 28 de maio passado, do Projeto de Lei de Convers\u00e3o n\u00ba 15 da MP 936, em vigor desde 1\u00ba de abril de 2020 e pediu a retirada do relat\u00f3rio a proposta de altera\u00e7\u00e3o do artigo 224 da CLT. \u201cA inclus\u00e3o do par\u00e1grafo terceiro do artigo 224 representam um retrocesso e um desprest\u00edgio a negocia\u00e7\u00e3o coletiva do setor e o consequente desmerecimento deste instituto constitucionalmente prestigiado\u201d, diz um trecho do documento.<\/p>\n<p>O Comando Nacional dos Banc\u00e1rios tamb\u00e9m solicitou reuni\u00e3o com a Federa\u00e7\u00e3o Nacional dos Bancos (Fenaban) para tratar do assunto.<\/p>\n<p>Para a presidenta da Contaf-CUT, Juvandia Moreira, a proposta de altera\u00e7\u00e3o no artigo224 na MP 936 \u00e9 um retrocesso e fere aquilo que foi negociado na CCT. \u201cAs altera\u00e7\u00f5es aprovadas v\u00e3o muito al\u00e9m de pol\u00edticas emergenciais necess\u00e1rias, elas trazem modifica\u00e7\u00f5es na legisla\u00e7\u00e3o trabalhista cuja urg\u00eancia e oportunidade inexistem. Por isso, s\u00e3o injustific\u00e1veis as inseguran\u00e7as \u00e0s rela\u00e7\u00f5es de trabalho dos trabalhadores banc\u00e1rios j\u00e1 estabilizadas, sejam pelo costume, sejam por atualiza\u00e7\u00f5es e adapta\u00e7\u00f5es negociadas coletivamente ao longo de d\u00e9cadas.\u201d<\/p>\n<p>Para Juvandia, a via negocial coletiva \u00e9 a solu\u00e7\u00e3o ideal para os conflitos oriundos das rela\u00e7\u00f5es de trabalho. \u201c\u00c9 exatamente o que o setor banc\u00e1rio pratica h\u00e1 quase tr\u00eas d\u00e9cadas com resultados positivos para ambos os lados permitindo um padr\u00e3o nacional de contrata\u00e7\u00e3o e rela\u00e7\u00e3o de trabalho que \u00e9 exemplo em todo o pa\u00eds.\u201d<\/p>\n<p><strong>Fonte: Contraf-CUT<\/strong><\/p>\n","protected":false},"excerpt":{"rendered":"<p>A Confedera\u00e7\u00e3o Nacional dos Trabalhadores do Ramo Financeiro (Contraf-CUT)\u00a0enviou um of\u00edcio ao relator da Medida Provis\u00f3ria (MP), senador Vanderlan Cardoso (PSD-GO), para manifestar preocupa\u00e7\u00e3o com a aprova\u00e7\u00e3o pela C\u00e2mara dos Deputados Federais, no dia 28 de maio passado, do Projeto de Lei de Convers\u00e3o n\u00ba 15 da MP 936, em vigor desde 1\u00ba de abril [&hellip;]<\/p>\n","protected":false},"author":2,"featured_media":9043,"comment_status":"","ping_status":"","sticky":false,"template":"","format":"standard","meta":{"footnotes":""},"categories":[3],"tags":[],"class_list":["post-9044","post","type-post","status-publish","format-standard","has-post-thumbnail","hentry","category-noticias"],"_links":{"self":[{"href":"https:\/\/hostnetart.com.br\/baixada\/wp-json\/wp\/v2\/posts\/9044","targetHints":{"allow":["GET"]}}],"collection":[{"href":"https:\/\/hostnetart.com.br\/baixada\/wp-json\/wp\/v2\/posts"}],"about":[{"href":"https:\/\/hostnetart.com.br\/baixada\/wp-json\/wp\/v2\/types\/post"}],"author":[{"embeddable":true,"href":"https:\/\/hostnetart.com.br\/baixada\/wp-json\/wp\/v2\/users\/2"}],"replies":[{"embeddable":true,"href":"https:\/\/hostnetart.com.br\/baixada\/wp-json\/wp\/v2\/comments?post=9044"}],"version-history":[{"count":0,"href":"https:\/\/hostnetart.com.br\/baixada\/wp-json\/wp\/v2\/posts\/9044\/revisions"}],"wp:featuredmedia":[{"embeddable":true,"href":"https:\/\/hostnetart.com.br\/baixada\/wp-json\/wp\/v2\/media\/9043"}],"wp:attachment":[{"href":"https:\/\/hostnetart.com.br\/baixada\/wp-json\/wp\/v2\/media?parent=9044"}],"wp:term":[{"taxonomy":"category","embeddable":true,"href":"https:\/\/hostnetart.com.br\/baixada\/wp-json\/wp\/v2\/categories?post=9044"},{"taxonomy":"post_tag","embeddable":true,"href":"https:\/\/hostnetart.com.br\/baixada\/wp-json\/wp\/v2\/tags?post=9044"}],"curies":[{"name":"wp","href":"https:\/\/api.w.org\/{rel}","templated":true}]}}