{"id":9042,"date":"2020-06-08T14:34:27","date_gmt":"2020-06-08T17:34:27","guid":{"rendered":"https:\/\/hostnetart.com.br\/baixada\/itau-prorroga-home-office-ate-setembro\/"},"modified":"2020-06-08T14:34:27","modified_gmt":"2020-06-08T17:34:27","slug":"itau-prorroga-home-office-ate-setembro","status":"publish","type":"post","link":"https:\/\/hostnetart.com.br\/baixada\/itau-prorroga-home-office-ate-setembro\/","title":{"rendered":"Ita\u00fa prorroga Home Office at\u00e9 setembro"},"content":{"rendered":"<p>Depois de cobran\u00e7as do movimento sindical na mesa de negocia\u00e7\u00e3o, o Ita\u00fa anunciou nesta sexta-feira (5) a prorroga\u00e7\u00e3o do home office dos trabalhadores at\u00e9 o dia 2 de setembro. Anunciado em mar\u00e7o, por conta da pandemia do coronav\u00edrus (Covis-19), o teletrabalho j\u00e1 abrange cerca de 70% dos trabalhadores da rede e dos departamentos.<\/p>\n<p>Jair Alves, coordenador da Comiss\u00e3o de Organiza\u00e7\u00e3o dos Empregados (COE) os Ita\u00fa, comemora a medida, que vai na linha das discuss\u00f5es entre o Comando Nacional dos Banc\u00e1rios e a Federa\u00e7\u00e3o Nacional dos Bancos (Fenaban) , se priorizar a vida e a sa\u00fade dos trabalhadores e seus familiares, evitando um cont\u00e1gio maior da categoria. \u201cO fundamental neste momento \u00e9 proteger a sa\u00fade dos trabalhadores. N\u00e3o s\u00f3 dentro das ag\u00eancias, como tamb\u00e9m no caminho entre a casa e o local de trabalho. De quebra, ainda garantimos a manuten\u00e7\u00e3o do emprego, sem mexer nos sal\u00e1rios e nos benef\u00edcios.\u201d<\/p>\n<p>Jair lembrou tamb\u00e9m que os banc\u00e1rios do Ita\u00fa aprovaram o acordo de banco de horas negativo, que garante o emprego dos trabalhadores que est\u00e3o afastados, sem trabalhar de casa. O acordo prev\u00ea ainda abono das horas devidas dos meses de mar\u00e7o e abril e ainda desconto de 10% nas horas devidas a partir do m\u00eas de maio.<\/p>\n<p>Pelo acordo, a reposi\u00e7\u00e3o das horas devidas s\u00f3 pode se dar no m\u00eas seguinte ao final da quarentena, por um per\u00edodo de 12 meses, limitado a duas horas a mais por dia e apenas nos dias \u00fateis, de segunda a sexta-feira, a ser definido entre o trabalhador e o gestor. Tamb\u00e9m determina que caso o banc\u00e1rio trabalhe em s\u00e1bados, domingos e feriados, essas horas n\u00e3o ser\u00e3o consideradas como reposi\u00e7\u00e3o, portanto, ter\u00e3o de ser pagas como horas extras.<\/p>\n<p><strong>Fonte: Contraf-CUT<\/strong><\/p>\n","protected":false},"excerpt":{"rendered":"<p>Depois de cobran\u00e7as do movimento sindical na mesa de negocia\u00e7\u00e3o, o Ita\u00fa anunciou nesta sexta-feira (5) a prorroga\u00e7\u00e3o do home office dos trabalhadores at\u00e9 o dia 2 de setembro. Anunciado em mar\u00e7o, por conta da pandemia do coronav\u00edrus (Covis-19), o teletrabalho j\u00e1 abrange cerca de 70% dos trabalhadores da rede e dos departamentos. Jair Alves, [&hellip;]<\/p>\n","protected":false},"author":2,"featured_media":9041,"comment_status":"","ping_status":"","sticky":false,"template":"","format":"standard","meta":{"footnotes":""},"categories":[3],"tags":[],"class_list":["post-9042","post","type-post","status-publish","format-standard","has-post-thumbnail","hentry","category-noticias"],"_links":{"self":[{"href":"https:\/\/hostnetart.com.br\/baixada\/wp-json\/wp\/v2\/posts\/9042","targetHints":{"allow":["GET"]}}],"collection":[{"href":"https:\/\/hostnetart.com.br\/baixada\/wp-json\/wp\/v2\/posts"}],"about":[{"href":"https:\/\/hostnetart.com.br\/baixada\/wp-json\/wp\/v2\/types\/post"}],"author":[{"embeddable":true,"href":"https:\/\/hostnetart.com.br\/baixada\/wp-json\/wp\/v2\/users\/2"}],"replies":[{"embeddable":true,"href":"https:\/\/hostnetart.com.br\/baixada\/wp-json\/wp\/v2\/comments?post=9042"}],"version-history":[{"count":0,"href":"https:\/\/hostnetart.com.br\/baixada\/wp-json\/wp\/v2\/posts\/9042\/revisions"}],"wp:featuredmedia":[{"embeddable":true,"href":"https:\/\/hostnetart.com.br\/baixada\/wp-json\/wp\/v2\/media\/9041"}],"wp:attachment":[{"href":"https:\/\/hostnetart.com.br\/baixada\/wp-json\/wp\/v2\/media?parent=9042"}],"wp:term":[{"taxonomy":"category","embeddable":true,"href":"https:\/\/hostnetart.com.br\/baixada\/wp-json\/wp\/v2\/categories?post=9042"},{"taxonomy":"post_tag","embeddable":true,"href":"https:\/\/hostnetart.com.br\/baixada\/wp-json\/wp\/v2\/tags?post=9042"}],"curies":[{"name":"wp","href":"https:\/\/api.w.org\/{rel}","templated":true}]}}