{"id":9038,"date":"2020-06-08T14:07:10","date_gmt":"2020-06-08T17:07:10","guid":{"rendered":"https:\/\/hostnetart.com.br\/baixada\/coe-itau-cobra-abertura-de-cat-para-funcionarios-infectados\/"},"modified":"2020-06-08T14:07:10","modified_gmt":"2020-06-08T17:07:10","slug":"coe-itau-cobra-abertura-de-cat-para-funcionarios-infectados","status":"publish","type":"post","link":"https:\/\/hostnetart.com.br\/baixada\/coe-itau-cobra-abertura-de-cat-para-funcionarios-infectados\/","title":{"rendered":"COE Ita\u00fa cobra abertura de CAT para funcion\u00e1rios infectados"},"content":{"rendered":"<p>A Comiss\u00e3o de Organiza\u00e7\u00e3o dos Empregados (COE) do Ita\u00fa cobrou a abertura da Comunica\u00e7\u00e3o de Acidente de Trabalho (CAT) de todos os empregados infectados pela Covid-19. A reivindica\u00e7\u00e3o foi enviada em\u00a0<a href=\"https:\/\/contrafcut.com.br\/wp-content\/uploads\/2020\/06\/of-10920-solicitacao-de-alteracao-de-procedimentos.pdf?x85106\" target=\"_blank\" rel=\"noopener noreferrer\">of\u00edcio \u00e0 Superintend\u00eancia de Rela\u00e7\u00f5es Sindicais<\/a>, na noite de quinta-feira (4).<\/p>\n<p>A COE se baseia no fato de o Supremo Tribunal Federal (STF) ter reconhecido que a contamina\u00e7\u00e3o por Coronav\u00edrus se caracteriza como acidente de trabalho, ap\u00f3s uma Medida Provis\u00f3ria ter criado uma norma falando o contr\u00e1rio. \u201cEntende-se que, mesmo adotadas as medidas de preven\u00e7\u00e3o, h\u00e1 o risco de contamina\u00e7\u00e3o, tanto nos percursos de suas resid\u00eancias ao at\u00e9 o local de trabalho, bem como em contato com os clientes e colegas no ambiente de trabalho\u201d, diz um trecho do documento.<\/p>\n<p>Jair Alves, coordenador da Coe Ita\u00fa, lembrou que, apesar do rod\u00edzio dos profissionais de vigil\u00e2ncia privada a servi\u00e7o do banco, estes, n\u00e3o raro, s\u00e3o transferidos para outra unidade, o que expande o risco de contamina\u00e7\u00e3o a outros. \u201cPor isso, reiteramos a necessidade de estabelecimento de protocolo para a realiza\u00e7\u00e3o de testes dos trabalhadores e das trabalhadoras do banco. A testagem dos trabalhadores expostos ao cont\u00e1gio dever ser realizada com frequ\u00eancia, a cada oito dias, enquanto perdurar o estado de emerg\u00eancia e a pandemia do novo coronav\u00edrus. Tal protocolo deve ser estendido aos prestadores de servi\u00e7o, contratados por empresa terceira, presentes no cotidiano do banco, com destaque aos vigilantes patrimoniais e ao pessoal respons\u00e1vel pelo asseio e conserva\u00e7\u00e3o das \u00e1reas\u201d, afirmou.<\/p>\n<p>O of\u00edcio tamb\u00e9m aborda a suspens\u00e3o da realiza\u00e7\u00e3o dos exames ocupacionais peri\u00f3dicos, cl\u00ednicos e complementares do Programa de Controle M\u00e9dico em Sa\u00fade Ocupacional (PCMSO). \u201cO trabalhador, antes de considerada sua condi\u00e7\u00e3o de sa\u00fade atrav\u00e9s de exames pertinentes e laudo do m\u00e9dico assistente, t\u00eam recebido a informa\u00e7\u00e3o de alta pela per\u00edcia do INSS, ou mesmo tendo indeferimento de pedido de benef\u00edcio.\u201d<\/p>\n<p>Luaciana Duaerte, uma das coordenadoras do Grupo de Trabalho (GT) de Sa\u00fade, explica que h\u00e1 casos nos quais os m\u00e9dicos assistentes indicam a incapacidade ao trabalho pela aus\u00eancia de condi\u00e7\u00f5es f\u00edsicas e\/ou psicol\u00f3gicas para retorno ao trabalho. Desta forma, o trabalhador n\u00e3o obt\u00e9m o Atestado de Sa\u00fade Ocupacional (ASO) pelo m\u00e9dico do trabalho, com registro de INAPTO, para assim fazer jus ao Adiantamento Emergencial de Sal\u00e1rio nos Per\u00edodos Transit\u00f3rios Especiais por Afastamento por Doen\u00e7a de trabalho, conforme prev\u00ea a clausula 57 da CCT 2018-2020. Frequentemente o retorno \u00e9 indicado por perito credenciado ao INSS.<\/p>\n<p>\u201cO fato \u00e9 que muitos trabalhadores que tem seu retorno ao trabalho contraindicado por m\u00e9dico assistente, recebem a indica\u00e7\u00e3o de alta m\u00e9dica pelo perito credenciado, mesmo que apresentem restri\u00e7\u00f5es especificadas em relat\u00f3rio do m\u00e9dico assistente, o que faz com que encontrem dificuldades para acessar os programas de readapta\u00e7\u00e3o, para o qual \u00e9 exigido o exame de retorno ao trabalho. Ainda h\u00e1 ocorr\u00eancia de pedido de gestores para o preenchimento de autodeclara\u00e7\u00e3o de sa\u00fade aos trabalhadores. O banco precisa se atentar para esta situa\u00e7\u00e3o\u201d, completou o outro coordenador do GT de Sa\u00fade, Carlos Damarindo.<\/p>\n<p><strong>Fonte: Contraf-CUT<\/strong><\/p>\n","protected":false},"excerpt":{"rendered":"<p>A Comiss\u00e3o de Organiza\u00e7\u00e3o dos Empregados (COE) do Ita\u00fa cobrou a abertura da Comunica\u00e7\u00e3o de Acidente de Trabalho (CAT) de todos os empregados infectados pela Covid-19. A reivindica\u00e7\u00e3o foi enviada em\u00a0of\u00edcio \u00e0 Superintend\u00eancia de Rela\u00e7\u00f5es Sindicais, na noite de quinta-feira (4). A COE se baseia no fato de o Supremo Tribunal Federal (STF) ter reconhecido [&hellip;]<\/p>\n","protected":false},"author":2,"featured_media":9037,"comment_status":"","ping_status":"","sticky":false,"template":"","format":"standard","meta":{"footnotes":""},"categories":[3],"tags":[],"class_list":["post-9038","post","type-post","status-publish","format-standard","has-post-thumbnail","hentry","category-noticias"],"_links":{"self":[{"href":"https:\/\/hostnetart.com.br\/baixada\/wp-json\/wp\/v2\/posts\/9038","targetHints":{"allow":["GET"]}}],"collection":[{"href":"https:\/\/hostnetart.com.br\/baixada\/wp-json\/wp\/v2\/posts"}],"about":[{"href":"https:\/\/hostnetart.com.br\/baixada\/wp-json\/wp\/v2\/types\/post"}],"author":[{"embeddable":true,"href":"https:\/\/hostnetart.com.br\/baixada\/wp-json\/wp\/v2\/users\/2"}],"replies":[{"embeddable":true,"href":"https:\/\/hostnetart.com.br\/baixada\/wp-json\/wp\/v2\/comments?post=9038"}],"version-history":[{"count":0,"href":"https:\/\/hostnetart.com.br\/baixada\/wp-json\/wp\/v2\/posts\/9038\/revisions"}],"wp:featuredmedia":[{"embeddable":true,"href":"https:\/\/hostnetart.com.br\/baixada\/wp-json\/wp\/v2\/media\/9037"}],"wp:attachment":[{"href":"https:\/\/hostnetart.com.br\/baixada\/wp-json\/wp\/v2\/media?parent=9038"}],"wp:term":[{"taxonomy":"category","embeddable":true,"href":"https:\/\/hostnetart.com.br\/baixada\/wp-json\/wp\/v2\/categories?post=9038"},{"taxonomy":"post_tag","embeddable":true,"href":"https:\/\/hostnetart.com.br\/baixada\/wp-json\/wp\/v2\/tags?post=9038"}],"curies":[{"name":"wp","href":"https:\/\/api.w.org\/{rel}","templated":true}]}}