{"id":9034,"date":"2020-06-05T03:16:57","date_gmt":"2020-06-05T06:16:57","guid":{"rendered":"https:\/\/hostnetart.com.br\/baixada\/coe-bradesco-exige-fim-da-cobranca-de-metas-durante-a-pandemia\/"},"modified":"2020-06-05T03:16:57","modified_gmt":"2020-06-05T06:16:57","slug":"coe-bradesco-exige-fim-da-cobranca-de-metas-durante-a-pandemia","status":"publish","type":"post","link":"https:\/\/hostnetart.com.br\/baixada\/coe-bradesco-exige-fim-da-cobranca-de-metas-durante-a-pandemia\/","title":{"rendered":"COE Bradesco exige fim da cobran\u00e7a de metas durante a pandemia"},"content":{"rendered":"<p>A Comiss\u00e3o de Organiza\u00e7\u00e3o dos Empregados (COE) do Bradesco se reuniu por videoconfer\u00eancia, na tarde desta quinta-feira (4), com a dire\u00e7\u00e3o do banco para cobrar a realiza\u00e7\u00e3o de testes laboratoriais para identificar a Covid-19 em todos os trabalhadores do banco, al\u00e9m de reivindicar o fim da cobran\u00e7a de metas durante a pandemia e pedir explica\u00e7\u00f5es sobre o fechamento de ag\u00eancias.<\/p>\n<p>Magaly Fagundes, coordenadora da COE Bradesco, refor\u00e7ou tamb\u00e9m a solicita\u00e7\u00e3o para que os gestores continuem a seguir o protocolo de a\u00e7\u00f5es para sa\u00fade e seguran\u00e7a definidos no in\u00edcio da pandemia. \u201cEstamos recebendo den\u00fancias da demora na aplica\u00e7\u00e3o de protocolo, como o fechamento das ag\u00eancias e a higieniza\u00e7\u00e3o quando h\u00e1 confirma\u00e7\u00e3o de casos de Covid-19\u201d. As reivindica\u00e7\u00f5es ser\u00e3o levadas ao comit\u00ea de crise do banco, que ir\u00e1 investigar os motivos da demora na aplica\u00e7\u00e3o das medidas. Eles informaram ainda que os funcion\u00e1rios colocados em quarentena t\u00eam acompanhamento m\u00e9dico durante o per\u00edodo. Caso apresentem algum sintoma, ser\u00e3o encaminhados para o teste.<\/p>\n<h3>Testes cl\u00ednicos<\/h3>\n<p>Quanto aos testes, o banco informou que j\u00e1 come\u00e7aram em S\u00e3o Paulo e no Rio de Janeiro e, na semana que vem, come\u00e7am em Bras\u00edlia. \u00c0 medida que forem ampliadas para as demais regi\u00f5es do pa\u00eds, o banco avisar\u00e1 a comiss\u00e3o de empregados. O Bradesco disse ainda que est\u00e1 trabalhando para a extens\u00e3o a todos os funcion\u00e1rios, n\u00e3o s\u00f3 quem est\u00e1 nas ag\u00eancias.<\/p>\n<h3>Fechamento de ag\u00eancias<\/h3>\n<p>O Bradesco explicou que n\u00e3o h\u00e1 um fechamento significativo de ag\u00eancias e sim a mudan\u00e7a para unidade de neg\u00f3cios e algumas incorpora\u00e7\u00f5es, sempre com o objetivo de preservar os empregos.<\/p>\n<h3>Metas<\/h3>\n<p>Quando os representantes dos trabalhadores cobraram o fim das exig\u00eancias de metas durante a pandemia, o banco disse que continua funcionando normalmente com a venda dos seus produtos. Por\u00e9m, ir\u00e1 apurar as den\u00fancias em rela\u00e7\u00e3o aos excessos nas cobran\u00e7as dos funcion\u00e1rios, pois n\u00e3o \u00e9 essa a orienta\u00e7\u00e3o da dire\u00e7\u00e3o. \u201c\u00c9 fundamental mantermos este canal de di\u00e1logo, pois \u00e9 o meio mais r\u00e1pido para resolvermos os problemas que acontecem no dia a dia dos trabalhadores. T\u00e3o importante quanto manter o emprego, \u00e9 preservar as vidas\u201d, finalizou Magaly.<\/p>\n<p><strong>Fonte: Contraf-CUT<\/strong><\/p>\n","protected":false},"excerpt":{"rendered":"<p>A Comiss\u00e3o de Organiza\u00e7\u00e3o dos Empregados (COE) do Bradesco se reuniu por videoconfer\u00eancia, na tarde desta quinta-feira (4), com a dire\u00e7\u00e3o do banco para cobrar a realiza\u00e7\u00e3o de testes laboratoriais para identificar a Covid-19 em todos os trabalhadores do banco, al\u00e9m de reivindicar o fim da cobran\u00e7a de metas durante a pandemia e pedir explica\u00e7\u00f5es [&hellip;]<\/p>\n","protected":false},"author":2,"featured_media":9033,"comment_status":"","ping_status":"","sticky":false,"template":"","format":"standard","meta":{"footnotes":""},"categories":[3],"tags":[],"class_list":["post-9034","post","type-post","status-publish","format-standard","has-post-thumbnail","hentry","category-noticias"],"_links":{"self":[{"href":"https:\/\/hostnetart.com.br\/baixada\/wp-json\/wp\/v2\/posts\/9034","targetHints":{"allow":["GET"]}}],"collection":[{"href":"https:\/\/hostnetart.com.br\/baixada\/wp-json\/wp\/v2\/posts"}],"about":[{"href":"https:\/\/hostnetart.com.br\/baixada\/wp-json\/wp\/v2\/types\/post"}],"author":[{"embeddable":true,"href":"https:\/\/hostnetart.com.br\/baixada\/wp-json\/wp\/v2\/users\/2"}],"replies":[{"embeddable":true,"href":"https:\/\/hostnetart.com.br\/baixada\/wp-json\/wp\/v2\/comments?post=9034"}],"version-history":[{"count":0,"href":"https:\/\/hostnetart.com.br\/baixada\/wp-json\/wp\/v2\/posts\/9034\/revisions"}],"wp:featuredmedia":[{"embeddable":true,"href":"https:\/\/hostnetart.com.br\/baixada\/wp-json\/wp\/v2\/media\/9033"}],"wp:attachment":[{"href":"https:\/\/hostnetart.com.br\/baixada\/wp-json\/wp\/v2\/media?parent=9034"}],"wp:term":[{"taxonomy":"category","embeddable":true,"href":"https:\/\/hostnetart.com.br\/baixada\/wp-json\/wp\/v2\/categories?post=9034"},{"taxonomy":"post_tag","embeddable":true,"href":"https:\/\/hostnetart.com.br\/baixada\/wp-json\/wp\/v2\/tags?post=9034"}],"curies":[{"name":"wp","href":"https:\/\/api.w.org\/{rel}","templated":true}]}}