{"id":9030,"date":"2020-06-05T03:15:04","date_gmt":"2020-06-05T06:15:04","guid":{"rendered":"https:\/\/hostnetart.com.br\/baixada\/momento-nao-e-de-se-cobrar-metas\/"},"modified":"2020-06-05T03:15:04","modified_gmt":"2020-06-05T06:15:04","slug":"momento-nao-e-de-se-cobrar-metas","status":"publish","type":"post","link":"https:\/\/hostnetart.com.br\/baixada\/momento-nao-e-de-se-cobrar-metas\/","title":{"rendered":"Momento n\u00e3o \u00e9 de se cobrar metas"},"content":{"rendered":"<p>A Comiss\u00e3o Executiva dos Empregados (CEE) da Caixa, que assessora a Confedera\u00e7\u00e3o Nacional dos Trabalhadores do Ramo Financeiro (Contraf-CUT) \u00e9 veementemente contra a postura do banco p\u00fablico de cobrar metas dos empregados em plena pandemia de coronav\u00edrus (Covid-19) e enquanto acontece o pagamento do Aux\u00edlio Emergencial. O an\u00fancio foi feito em reuni\u00e3o virtual, na tarde de quarta-feira (3), pela vice-presid\u00eancia da Rede de Varejo (Vired) em conjunto com a vice-presid\u00eancia de Varejo (Vimov).<\/p>\n<p>\u201cO banco trata as metas como se estiv\u00e9ssemos em situa\u00e7\u00e3o de normalidade e n\u00e3o em meio a uma pandemia. Os empregados j\u00e1 est\u00e3o bastante desgastados com o atendimento para a popula\u00e7\u00e3o, em especial devido ao aux\u00edlio emergencial, que \u00e9 bastante esgotante e paralelo a isso ainda tem o medo de serem contaminados e de contaminarem os seus familiares\u201d, afirmou a secret\u00e1ria de Cultura e representante da Contraf-CUT nas negocia\u00e7\u00f5es com a Caixa, Fabiana Uehara Proscholdt.<\/p>\n<p>Fabiana lembra que a postura contraria os compromissos firmados pelo banco p\u00fablico, desde o in\u00edcio da pandemia. Em mar\u00e7o, a dire\u00e7\u00e3o da Caixa havia se comprometido a suspender a cobran\u00e7a de metas durante a pandemia de coronav\u00edrus. J\u00e1 no come\u00e7o de abril, em documento, a vice-presid\u00eancia de Varejo havia afirmado que \u201cnenhuma unidade ou empregado ter\u00e1 impacto na sua carreira em raz\u00e3o dos resultados observados enquanto durar esta fase de confinamento\u201d. Depois, no in\u00edcio de maio, havia comunicado a suspens\u00e3o da GDP.<\/p>\n<p>\u201cGerentes t\u00eam chegado nas unidades antes das sete horas, os empregados passam o dia todo gerando token para pagamento de Aux\u00edlio Emergencial, como os colegas v\u00e3o cumprir as metas?\u201d, questionou a secret\u00e1ria da Cultura.<\/p>\n<h3>Relaxamento das medidas de seguran\u00e7a<\/h3>\n<p>Ao mesmo tempo em que volta com a cobran\u00e7a das metas, a Caixa tamb\u00e9m relaxa as medidas de seguran\u00e7a relacionadas \u00e0 sa\u00fade de seus empregados, com o retorno de trabalhadores de \u00e1reas-meio que estavam em sistema de teletrabalho e mudan\u00e7as nas regras de afastamento dos terceirizados.<\/p>\n<p><strong>Fonte: Contraf-CUT<\/strong><\/p>\n","protected":false},"excerpt":{"rendered":"<p>A Comiss\u00e3o Executiva dos Empregados (CEE) da Caixa, que assessora a Confedera\u00e7\u00e3o Nacional dos Trabalhadores do Ramo Financeiro (Contraf-CUT) \u00e9 veementemente contra a postura do banco p\u00fablico de cobrar metas dos empregados em plena pandemia de coronav\u00edrus (Covid-19) e enquanto acontece o pagamento do Aux\u00edlio Emergencial. O an\u00fancio foi feito em reuni\u00e3o virtual, na tarde [&hellip;]<\/p>\n","protected":false},"author":2,"featured_media":9029,"comment_status":"","ping_status":"","sticky":false,"template":"","format":"standard","meta":{"footnotes":""},"categories":[3],"tags":[],"class_list":["post-9030","post","type-post","status-publish","format-standard","has-post-thumbnail","hentry","category-noticias"],"_links":{"self":[{"href":"https:\/\/hostnetart.com.br\/baixada\/wp-json\/wp\/v2\/posts\/9030","targetHints":{"allow":["GET"]}}],"collection":[{"href":"https:\/\/hostnetart.com.br\/baixada\/wp-json\/wp\/v2\/posts"}],"about":[{"href":"https:\/\/hostnetart.com.br\/baixada\/wp-json\/wp\/v2\/types\/post"}],"author":[{"embeddable":true,"href":"https:\/\/hostnetart.com.br\/baixada\/wp-json\/wp\/v2\/users\/2"}],"replies":[{"embeddable":true,"href":"https:\/\/hostnetart.com.br\/baixada\/wp-json\/wp\/v2\/comments?post=9030"}],"version-history":[{"count":0,"href":"https:\/\/hostnetart.com.br\/baixada\/wp-json\/wp\/v2\/posts\/9030\/revisions"}],"wp:featuredmedia":[{"embeddable":true,"href":"https:\/\/hostnetart.com.br\/baixada\/wp-json\/wp\/v2\/media\/9029"}],"wp:attachment":[{"href":"https:\/\/hostnetart.com.br\/baixada\/wp-json\/wp\/v2\/media?parent=9030"}],"wp:term":[{"taxonomy":"category","embeddable":true,"href":"https:\/\/hostnetart.com.br\/baixada\/wp-json\/wp\/v2\/categories?post=9030"},{"taxonomy":"post_tag","embeddable":true,"href":"https:\/\/hostnetart.com.br\/baixada\/wp-json\/wp\/v2\/tags?post=9030"}],"curies":[{"name":"wp","href":"https:\/\/api.w.org\/{rel}","templated":true}]}}