{"id":903,"date":"2015-06-19T13:56:00","date_gmt":"2015-06-19T16:56:00","guid":{"rendered":"https:\/\/hostnetart.com.br\/baixada\/bancarios-terao-isencao-de-ir-sobre-valor-da-ffc-a-ser-pago-pelo-bradesco\/"},"modified":"2015-06-19T13:56:00","modified_gmt":"2015-06-19T16:56:00","slug":"bancarios-terao-isencao-de-ir-sobre-valor-da-ffc-a-ser-pago-pelo-bradesco","status":"publish","type":"post","link":"https:\/\/hostnetart.com.br\/baixada\/bancarios-terao-isencao-de-ir-sobre-valor-da-ffc-a-ser-pago-pelo-bradesco\/","title":{"rendered":"Banc\u00e1rios ter\u00e3o isen\u00e7\u00e3o de IR sobre valor da FFC a ser pago pelo Bradesco"},"content":{"rendered":"<p>O Tribunal de Justi\u00e7a de S\u00e3o Paulo (TJSP) julgou nesta quarta-feira (17) os embargos de declara\u00e7\u00e3o do processo da Funda\u00e7\u00e3o Francisco Conde (FFC). A partir de agora, o Bradesco ter\u00e1 o prazo de 20 dias para creditar os R$ 111 milh\u00f5es relacionados \u00e0 a\u00e7\u00e3o judicial. Os pedidos de esclarecimento foram feitos pelo Sindicato dos Banc\u00e1rios de S\u00e3o Paulo, em nome dos 3.900 participantes do IABCN (Instituto Assistencial BCN), de todo o Pa\u00eds, que t\u00eam direito ao ressarcimento. <\/p>\n<p>Os banc\u00e1rios solicitaram esclarecimentos sobre o pagamento aos trabalhadores e a incid\u00eancia do Imposto de Renda. A Justi\u00e7a decidiu que n\u00e3o ser\u00e1 cobrado o imposto sobre o valor a ser ressarcido. Os participantes da a\u00e7\u00e3o tamb\u00e9m pediram que o montante a ser pago pelo Bradesco fosse depositado na conta do Sindicato, para ser encaminhado aos benefici\u00e1rios de forma unificada, mas o TJSP indeferiu o pedido. <\/p>\n<p>Os benefici\u00e1rios da a\u00e7\u00e3o, que ainda n\u00e3o fizeram pedido de procura\u00e7\u00e3o para o resgate, podem procurar o seu sindicato ou federa\u00e7\u00e3o. <\/p>\n<p><strong>Vit\u00f3ria dos trabalhadores<\/strong><\/p>\n<p>Depois de quase 20 anos de luta, debates e reuni\u00f5es coordenadas pelos sindicatos, a hist\u00f3ria da Funda\u00e7\u00e3o Francisco Conde, dos banc\u00e1rios do extinto BCN, est\u00e1 chegando a um desfecho favor\u00e1vel aos trabalhadores.<\/p>\n<p>Os recursos do IABCN, que era administrado pela Funda\u00e7\u00e3o Francisco Conde, foram constitu\u00eddos por contribui\u00e7\u00f5es do extinto banco BCN e dos funcion\u00e1rios e estavam bloqueados desde que o Bradesco adquiriu a institui\u00e7\u00e3o financeira, em 1997. <\/p>\n<p>Os R$ 111 milh\u00f5es determinados pela justi\u00e7a referem-se \u00e0 segunda e \u00faltima parcela que os trabalhadores receber\u00e3o da FFC. A primeira, paga em 2001, foi relativa aos recursos previdenci\u00e1rios e totalizou R$ 200 milh\u00f5es. <\/p>\n<p>Fonte: Contraf-CUT<\/p>\n","protected":false},"excerpt":{"rendered":"<p>O Tribunal de Justi\u00e7a de S\u00e3o Paulo (TJSP) julgou nesta quarta-feira (17) os embargos de declara\u00e7\u00e3o do processo da Funda\u00e7\u00e3o Francisco Conde (FFC). A partir de agora, o Bradesco ter\u00e1 o prazo de 20 dias para creditar os R$ 111 milh\u00f5es relacionados \u00e0 a\u00e7\u00e3o judicial. Os pedidos de esclarecimento foram feitos pelo Sindicato dos Banc\u00e1rios [&hellip;]<\/p>\n","protected":false},"author":1,"featured_media":0,"comment_status":"","ping_status":"","sticky":false,"template":"","format":"standard","meta":{"footnotes":""},"categories":[3],"tags":[],"class_list":["post-903","post","type-post","status-publish","format-standard","hentry","category-noticias"],"_links":{"self":[{"href":"https:\/\/hostnetart.com.br\/baixada\/wp-json\/wp\/v2\/posts\/903","targetHints":{"allow":["GET"]}}],"collection":[{"href":"https:\/\/hostnetart.com.br\/baixada\/wp-json\/wp\/v2\/posts"}],"about":[{"href":"https:\/\/hostnetart.com.br\/baixada\/wp-json\/wp\/v2\/types\/post"}],"author":[{"embeddable":true,"href":"https:\/\/hostnetart.com.br\/baixada\/wp-json\/wp\/v2\/users\/1"}],"replies":[{"embeddable":true,"href":"https:\/\/hostnetart.com.br\/baixada\/wp-json\/wp\/v2\/comments?post=903"}],"version-history":[{"count":0,"href":"https:\/\/hostnetart.com.br\/baixada\/wp-json\/wp\/v2\/posts\/903\/revisions"}],"wp:attachment":[{"href":"https:\/\/hostnetart.com.br\/baixada\/wp-json\/wp\/v2\/media?parent=903"}],"wp:term":[{"taxonomy":"category","embeddable":true,"href":"https:\/\/hostnetart.com.br\/baixada\/wp-json\/wp\/v2\/categories?post=903"},{"taxonomy":"post_tag","embeddable":true,"href":"https:\/\/hostnetart.com.br\/baixada\/wp-json\/wp\/v2\/tags?post=903"}],"curies":[{"name":"wp","href":"https:\/\/api.w.org\/{rel}","templated":true}]}}