{"id":9028,"date":"2020-06-05T03:14:05","date_gmt":"2020-06-05T06:14:05","guid":{"rendered":"https:\/\/hostnetart.com.br\/baixada\/presidente-da-fundacao-cultural-palmares-chama-movimento-negro-de-escoria-maldita\/"},"modified":"2020-06-05T03:14:05","modified_gmt":"2020-06-05T06:14:05","slug":"presidente-da-fundacao-cultural-palmares-chama-movimento-negro-de-escoria-maldita","status":"publish","type":"post","link":"https:\/\/hostnetart.com.br\/baixada\/presidente-da-fundacao-cultural-palmares-chama-movimento-negro-de-escoria-maldita\/","title":{"rendered":"Presidente da Funda\u00e7\u00e3o Cultural Palmares chama movimento negro de \u201cesc\u00f3ria maldita\u201d"},"content":{"rendered":"<p>Na contram\u00e3o da luta contra a discrimina\u00e7\u00e3o e o preconceito racial que acontece em todo o mundo, ap\u00f3s o assassinato de George Floyd pela policia americana, o presidente da Funda\u00e7\u00e3o Cultural Palmares, S\u00e9rgio Camargo, se referiu ao movimento negro como \u201cvagabundos\u201d e \u201cesc\u00f3ria maldita\u201d, durante uma reuni\u00e3o com assessores, no dia 30 de abril.<\/p>\n<p>O motivo da reuni\u00e3o era tratar do desaparecimento de um celular corporativo de Camargo. Na grava\u00e7\u00e3o ele se mostrou irritado com a cobran\u00e7a do ressarcimento do aparelho. \u00a0Nas falas, ele afirma que estava afastado judicialmente do cargo quando o celular sumiu e sugeriu que algum dos \u201cvagabundos\u201d do movimento negro tivesse planejado o furto proposital com o objetivo de prejudic\u00e1-lo.<\/p>\n<p>\u201cQualquer um. Eu exonerei tr\u00eas diretores nossos assim que voltei. Qualquer um deles pode ter feito isso. Quem poderia? Algu\u00e9m que quer me prejudicar, invadindo esse pr\u00e9dio aqui pra me espancar. Quem poderia ter feito isso? Invadindo com a ajuda de funcion\u00e1rios daqui. O movimento negro, os vagabundos do movimento negro, essa esc\u00f3ria maldita\u201d, afirmou o presidente da Funda\u00e7\u00e3o Cultural Palmares.<\/p>\n<p>Para o secret\u00e1rio de Combate ao Racismo da Confedera\u00e7\u00e3o Nacional dos Trabalhadores do Ramo Financeiro (Contraf-CUT), Almir Aguiar, a Funda\u00e7\u00e3o Cultural Palmares \u00e9 uma entidade p\u00fablica brasileira institu\u00edda pela lei e tem em suas finalidades: promover a preserva\u00e7\u00e3o dos valores culturais, sociais e econ\u00f4micos decorrentes da influ\u00eancia negra na forma\u00e7\u00e3o da sociedade brasileira; certificar quilombos; participar do licenciamento de obras de infraestrutura; e fomentar a cultura afro-brasileira. \u00a0<\/p>\n<p>Mas, o novo presidente nega racismo no Brasil. \u201cInfelizmente, o presidente da Funda\u00e7\u00e3o Palmares foi colocado neste cargo para retroceder a luta do povo negro. Enquanto o mundo vem debatendo o racismo e a viol\u00eancia policial contra negros, ele surge contra as cotas raciais, chama o movimento negro de esc\u00f3ria maldita, xinga o Zumbi dos Palmares, \u00e9 contra o Dia Nacional da Consci\u00eancia Negra e disse que a escravid\u00e3o foi ben\u00e9fica. Esse negro que assumiu o papel sujo proposto por Jair Bolsonaro, foi promovido ao posto de \u201ccapit\u00e3o do mato\u201d, e teve a ousadia de criar um selo de \u201cn\u00e3o racista\u201d que, segundo o pr\u00f3prio, ser\u00e1 concedido \u00e0s pessoas que s\u00e3o injusta e criminosamente tachadas de racistas. Eu proponho que nossos parlamentares fa\u00e7am algum tipo de representa\u00e7\u00e3o no Minist\u00e9rio P\u00fablico Federal, para ele ressarcir os cofres p\u00fablicos, todo o valor gasto nessa imundice de selo\u201d, afirmou Almir Aguiar.<\/p>\n<p><strong>Fonte: Contraf-CUT<\/strong><\/p>\n","protected":false},"excerpt":{"rendered":"<p>Na contram\u00e3o da luta contra a discrimina\u00e7\u00e3o e o preconceito racial que acontece em todo o mundo, ap\u00f3s o assassinato de George Floyd pela policia americana, o presidente da Funda\u00e7\u00e3o Cultural Palmares, S\u00e9rgio Camargo, se referiu ao movimento negro como \u201cvagabundos\u201d e \u201cesc\u00f3ria maldita\u201d, durante uma reuni\u00e3o com assessores, no dia 30 de abril. O [&hellip;]<\/p>\n","protected":false},"author":2,"featured_media":9027,"comment_status":"","ping_status":"","sticky":false,"template":"","format":"standard","meta":{"footnotes":""},"categories":[3],"tags":[],"class_list":["post-9028","post","type-post","status-publish","format-standard","has-post-thumbnail","hentry","category-noticias"],"_links":{"self":[{"href":"https:\/\/hostnetart.com.br\/baixada\/wp-json\/wp\/v2\/posts\/9028","targetHints":{"allow":["GET"]}}],"collection":[{"href":"https:\/\/hostnetart.com.br\/baixada\/wp-json\/wp\/v2\/posts"}],"about":[{"href":"https:\/\/hostnetart.com.br\/baixada\/wp-json\/wp\/v2\/types\/post"}],"author":[{"embeddable":true,"href":"https:\/\/hostnetart.com.br\/baixada\/wp-json\/wp\/v2\/users\/2"}],"replies":[{"embeddable":true,"href":"https:\/\/hostnetart.com.br\/baixada\/wp-json\/wp\/v2\/comments?post=9028"}],"version-history":[{"count":0,"href":"https:\/\/hostnetart.com.br\/baixada\/wp-json\/wp\/v2\/posts\/9028\/revisions"}],"wp:featuredmedia":[{"embeddable":true,"href":"https:\/\/hostnetart.com.br\/baixada\/wp-json\/wp\/v2\/media\/9027"}],"wp:attachment":[{"href":"https:\/\/hostnetart.com.br\/baixada\/wp-json\/wp\/v2\/media?parent=9028"}],"wp:term":[{"taxonomy":"category","embeddable":true,"href":"https:\/\/hostnetart.com.br\/baixada\/wp-json\/wp\/v2\/categories?post=9028"},{"taxonomy":"post_tag","embeddable":true,"href":"https:\/\/hostnetart.com.br\/baixada\/wp-json\/wp\/v2\/tags?post=9028"}],"curies":[{"name":"wp","href":"https:\/\/api.w.org\/{rel}","templated":true}]}}