{"id":9026,"date":"2020-06-05T03:12:45","date_gmt":"2020-06-05T06:12:45","guid":{"rendered":"https:\/\/hostnetart.com.br\/baixada\/contraf-cut-envia-nota-de-repudio-ao-assassinato-de-george-floyd-vitima-de-violencia-policial-e-racismo\/"},"modified":"2020-06-05T03:12:45","modified_gmt":"2020-06-05T06:12:45","slug":"contraf-cut-envia-nota-de-repudio-ao-assassinato-de-george-floyd-vitima-de-violencia-policial-e-racismo","status":"publish","type":"post","link":"https:\/\/hostnetart.com.br\/baixada\/contraf-cut-envia-nota-de-repudio-ao-assassinato-de-george-floyd-vitima-de-violencia-policial-e-racismo\/","title":{"rendered":"Contraf-CUT envia nota de repudio ao assassinato de George Floyd, v\u00edtima de viol\u00eancia policial e racismo"},"content":{"rendered":"<p>A Confedera\u00e7\u00e3o Nacional dos Trabalhadores do Ramo Financeiro (Contraf-CUT) enviou, nesta quarta-feira (3), \u00e0s entidades de direitos humanos e de trabalhadores, uma nota de repudio ao assassinato de George Floyd, v\u00edtima de viol\u00eancia policial e racismo, nos Estados Unidos.<\/p>\n<p>No documento, a Confedera\u00e7\u00e3o se solidariza com o movimento negro americano contra a viol\u00eancia policial contra os negros e tamb\u00e9m denuncia a discrimina\u00e7\u00e3o, o preconceito racial no Brasil e a viol\u00eancia policial constante.<\/p>\n<p>Segundo o Anu\u00e1rio da Viol\u00eancia, que compila e analisa dados de registros policiais sobre criminalidade, sistema prisional e gastos com seguran\u00e7a p\u00fablica no Brasil, em 2019 o levantamento indicou que 75,4% das v\u00edtimas pelas pol\u00edcias brasileiras eram negras.<\/p>\n<p>De acordo com o secret\u00e1rio de Combate ao Racismo da Contraf-CUT, Almir Aguiar, \u00e9 preciso combater a desigualdade e o preconceito existentes no mundo. \u201cS\u00e3o negros e negras que s\u00e3o assassinados todos os dias por policiais. Tanto nos Estados Unidos, quanto no Brasil, os dados de crimes contra o povo negro s\u00e3o alarmantes e revelam ainda mais a desigualdade e o preconceito\u201d, afirmou.<\/p>\n<p>Veja a nota enviada pela Contraf-CUT \u00e0 A Philip Randolph Institute (APRI), United Steelworkers (USW), Federa\u00e7\u00e3o Americana do Trabalho e Congresso de Organiza\u00e7\u00f5es Industriais (AFL-CIO) e demais entidades de direitos humanos.<\/p>\n<p>A Confedera\u00e7\u00e3o Nacional dos Trabalhadores do Ramo Financeiro (Contraf-CUT), atrav\u00e9s de sua Secretaria de Combate ao Racismo, vem atrav\u00e9s desta, manifestar a nossa solidariedade \u00e0 fam\u00edlia, aos amigos e a todo o povo negro americano pela morte de George Floyd, assassinado em um triste epis\u00f3dio que \u00e9 fruto da viol\u00eancia policial e do racismo, levando a morte de mais um cidad\u00e3o negro.<\/p>\n<p>Acompanhamos no Brasil com grande consterna\u00e7\u00e3o as cenas dessa viol\u00eancia que levou George ao \u00f3bito. Situa\u00e7\u00f5es similares t\u00eam se repetido ao longo da hist\u00f3ria, como nos casos das mortes de Michael Brown em 2014, Walter Scott e Freddie Gray em 2015, Philando Castile em 2016 e tantas outras pessoas da ra\u00e7a negra.<\/p>\n<p>A nossa Confedera\u00e7\u00e3o, representante da categoria banc\u00e1ria em nosso pa\u00eds, repudia toda forma de viol\u00eancia contra o povo negro e lembramos que no Brasil, a situa\u00e7\u00e3o tamb\u00e9m \u00e9 extremamente grave, com n\u00fameros ainda mais estarrecedores da pol\u00edcia que mais mata no mundo. Segundo o Anu\u00e1rio da Viol\u00eancia, que compila e analisa dados de registros policiais sobre criminalidade, sistema prisional e gastos com seguran\u00e7a p\u00fablica no Brasil, em 2019 o levantamento indicou que 75,4% das v\u00edtimas pelas pol\u00edcias brasileiras eram negras, situa\u00e7\u00e3o claramente agravada pela postura e pol\u00edtica discriminat\u00f3ria e violenta contra as comunidades mais pobres do Governo Bolsonaro.<\/p>\n<p>Encerramos esta nota de pesar e rep\u00fadio, recorrendo \u00e0s celebres palavras do pastor americano Martin Luther King, reafirmando a import\u00e2ncia da luta em defesa do fim da viol\u00eancia policial e do racismo no mundo:<\/p>\n<p>\u201cO que me preocupa n\u00e3o \u00e9 o grito dos maus. \u00c9 o sil\u00eancio dos bons\u201d.<\/p>\n<p>Nossos sentimentos e solidariedade,<\/p>\n<p>Almir Aguiar<\/p>\n<p>Secret\u00e1rio de Combate ao Racismo da Contraf-CUT<\/p>\n<p>Juvandia Moreira<\/p>\n<p>Presidenta<\/p>\n<p><strong>Fonte: Contraf-CUT<\/strong><\/p>\n","protected":false},"excerpt":{"rendered":"<p>A Confedera\u00e7\u00e3o Nacional dos Trabalhadores do Ramo Financeiro (Contraf-CUT) enviou, nesta quarta-feira (3), \u00e0s entidades de direitos humanos e de trabalhadores, uma nota de repudio ao assassinato de George Floyd, v\u00edtima de viol\u00eancia policial e racismo, nos Estados Unidos. No documento, a Confedera\u00e7\u00e3o se solidariza com o movimento negro americano contra a viol\u00eancia policial contra [&hellip;]<\/p>\n","protected":false},"author":2,"featured_media":9025,"comment_status":"","ping_status":"","sticky":false,"template":"","format":"standard","meta":{"footnotes":""},"categories":[3],"tags":[],"class_list":["post-9026","post","type-post","status-publish","format-standard","has-post-thumbnail","hentry","category-noticias"],"_links":{"self":[{"href":"https:\/\/hostnetart.com.br\/baixada\/wp-json\/wp\/v2\/posts\/9026","targetHints":{"allow":["GET"]}}],"collection":[{"href":"https:\/\/hostnetart.com.br\/baixada\/wp-json\/wp\/v2\/posts"}],"about":[{"href":"https:\/\/hostnetart.com.br\/baixada\/wp-json\/wp\/v2\/types\/post"}],"author":[{"embeddable":true,"href":"https:\/\/hostnetart.com.br\/baixada\/wp-json\/wp\/v2\/users\/2"}],"replies":[{"embeddable":true,"href":"https:\/\/hostnetart.com.br\/baixada\/wp-json\/wp\/v2\/comments?post=9026"}],"version-history":[{"count":0,"href":"https:\/\/hostnetart.com.br\/baixada\/wp-json\/wp\/v2\/posts\/9026\/revisions"}],"wp:featuredmedia":[{"embeddable":true,"href":"https:\/\/hostnetart.com.br\/baixada\/wp-json\/wp\/v2\/media\/9025"}],"wp:attachment":[{"href":"https:\/\/hostnetart.com.br\/baixada\/wp-json\/wp\/v2\/media?parent=9026"}],"wp:term":[{"taxonomy":"category","embeddable":true,"href":"https:\/\/hostnetart.com.br\/baixada\/wp-json\/wp\/v2\/categories?post=9026"},{"taxonomy":"post_tag","embeddable":true,"href":"https:\/\/hostnetart.com.br\/baixada\/wp-json\/wp\/v2\/tags?post=9026"}],"curies":[{"name":"wp","href":"https:\/\/api.w.org\/{rel}","templated":true}]}}