{"id":9022,"date":"2020-06-05T03:10:40","date_gmt":"2020-06-05T06:10:40","guid":{"rendered":"https:\/\/hostnetart.com.br\/baixada\/novaes-volta-a-se-contradizer-em-entrevista-a-imprensa\/"},"modified":"2020-06-05T03:10:40","modified_gmt":"2020-06-05T06:10:40","slug":"novaes-volta-a-se-contradizer-em-entrevista-a-imprensa","status":"publish","type":"post","link":"https:\/\/hostnetart.com.br\/baixada\/novaes-volta-a-se-contradizer-em-entrevista-a-imprensa\/","title":{"rendered":"Novaes volta a se contradizer em entrevista \u00e0 imprensa"},"content":{"rendered":"<p>Em\u00a0<a href=\"https:\/\/oglobo.globo.com\/economia\/bb-perdeu-bonus-de-ser-publico-ficou-com-onus-diz-rubem-novaes-24455054\" target=\"_blank\" rel=\"noopener noreferrer\">entrevista publicada pelo jornal O Globo<\/a>\u00a0no domingo (31\/5), o presidente do Banco do Brasil, Rubem Novaes, confirma seu \u201csonho\u201d de privatizar a institui\u00e7\u00e3o e a concord\u00e2ncia do presidente Bolsonaro a realiza\u00e7\u00e3o. Segundo o coordenador da Comiss\u00e3o de Empresa dos Funcion\u00e1rios do Banco do Brasil (CEBB), Jo\u00e3o Fukunaga, o presidente do BB mais uma vez foi contradit\u00f3rio em suas pr\u00f3prias afirma\u00e7\u00f5es, ao reconhecer o papel fundamental exercido pelo Banco para a concess\u00e3o de cr\u00e9dito mas, ao mesmo tempo, recha\u00e7ar a import\u00e2ncia do banco p\u00fablico.<\/p>\n<p>\u201cAssim como ele mostra estar perdido, sem saber o que fazer e apenas \u2018torcendo\u2019 para que o pico da pandemia j\u00e1 tenha passado, a contradi\u00e7\u00e3o de suas afirma\u00e7\u00f5es tamb\u00e9m vai no mesmo sentido. Ele est\u00e1 perdido e n\u00e3o sabe o que fala\u201d, disse o coordenador da CEBB.<\/p>\n<p>Na entrevista ao O Globo, Novaes voltou a usar a necessidade de concorr\u00eancia pelas folhas de pagamento como justificativa para privatizar o banco. Na reuni\u00e3o ministerial do dia 22 de abril, ele j\u00e1 havia dito que o Banco do Brasil n\u00e3o enfrenta problemas de liquidez e de higidez e que tem a felicidade de contar com folhas de pagamento de empresas p\u00fablicas e das for\u00e7as armadas. Mas, logo em seguida, para defender seu \u201csonho\u201d de privatizar o banco, disse que as folhas de pagamento das empresas p\u00fablicas antes \u201cvinham naturalmente para o Banco do Brasil ou para a Caixa\u201d, assim como a administra\u00e7\u00e3o dos dep\u00f3sitos judiciais. \u201cHoje, isso tudo \u00e9 processo de concorr\u00eancia. N\u00f3s temos que pagar muito caro por esses antigos privil\u00e9gios\u201d, reclamou.<\/p>\n<p>\u201cRubem Novaes fala em privil\u00e9gios. Uma vis\u00e3o t\u00edpica de administra\u00e7\u00f5es que tomam um bem p\u00fablico como se fosse um bem pessoal, como fez Carlos Bolsonaro, que interveio no Banco do Brasil sem sequer ter cargo no banco. Simplesmente por ser filho do presidente se achou no direito de interferir para que o Banco do Brasil continuasse anunciando em sites de fake news. E o filho do (vice-presidente, Hamilton) Mour\u00e3o, que, em uma carreira mete\u00f3rica atingiu a ger\u00eancia executiva do banco e comanda o departamento de Marketing, obedece ao filho do Bolsonaro\u201d, criticou Fukunaga.<\/p>\n<p>\u201cAl\u00e9m disso, s\u00e3o in\u00fameros os exemplos que mostram que as empresas p\u00fablicas, quando t\u00eam \u00e0 sua frente administradores competentes, conseguem oferecer servi\u00e7os de qualidade, com tarifas justas, e ainda trazer benef\u00edcios para a sociedade. N\u00e3o h\u00e1 a necessidade de se privatizar uma empresa, basta colocar \u00e0 sua frente uma pessoa competente para administr\u00e1-la\u201d, completou.<\/p>\n<h3>Ataques ao funcionalismo<\/h3>\n<p>Fukunaga diz ainda que, ao criticar os concursos p\u00fablicos, o presidente do Banco do Brasil continua com os ataques aos funcion\u00e1rios do Banco do Brasil e o funcionalismo de uma forma em geral.<\/p>\n<p>\u201cComo parte da campanha de difama\u00e7\u00e3o do funcionalismo p\u00fablico, Novaes tenta fazer as pessoas acreditarem que o banc\u00e1rio do Banco do Brasil n\u00e3o sofre press\u00f5es e cobran\u00e7a de metas. Mas, basta lembrarmos os cortes dos comissionamentos de cargos que veremos o contr\u00e1rio\u201d, observou o coordenador da CEBB. \u201cComo o pr\u00f3prio Novaes disse, os concursos do Banco do Brasil s\u00e3o para escritur\u00e1rio, com sal\u00e1rios mais baixos. Da\u00ed, os funcion\u00e1rios s\u00e3o pressionados e amea\u00e7ados de perder sua comiss\u00e3o que, muitas vezes, representa a maior parte de sua remunera\u00e7\u00e3o\u201d, completou.<\/p>\n<p>\u201cO que ele quer, na verdade, \u00e9 permitir que a pessoa, al\u00e9m de ser assediada e amea\u00e7ada de corte de comiss\u00e3o, tamb\u00e9m seja amea\u00e7ada de demiss\u00e3o, como acontece nos bancos privados\u201d, explicou Fukunaga.<\/p>\n<h3>Import\u00e2ncia do BB<\/h3>\n<p>Assim como j\u00e1 tinha feito na reuni\u00e3o ministerial de 22 de abril, quando destacou a import\u00e2ncia do Banco do Brasil para o desenvolvimento do econ\u00f4mico do pa\u00eds, Novaes volta falar sobre a import\u00e2ncia do banco na concess\u00e3o de cr\u00e9dito.<\/p>\n<p>Segundo afirmou na entrevista ao O Globo, o BB concedeu R$ 129 bilh\u00f5es de cr\u00e9dito, desde 16 de mar\u00e7o. Do total, R$ 60,7 bilh\u00f5es foram desembolsos de novos recursos e R$ 68,4 bilh\u00f5es, renova\u00e7\u00f5es para empresas e pessoas f\u00edsicas.<\/p>\n<p>\u201cO Banco do Brasil tem forte atua\u00e7\u00e3o no setor agropecu\u00e1rio, que h\u00e1 muitos anos \u00e9 respons\u00e1vel por grande parte do Produto Interno Bruto de nosso pa\u00eds, mas tamb\u00e9m junto \u00e0s micro, pequenas e m\u00e9dias empresas, que s\u00e3o as respons\u00e1veis por cerca de 80% dos empregos\u201d, destacou Fukunaga. \u201cSe o Banco do Brasil for privatizado, como sonha Rubem Novaes, quem vai atuar nestes segmentos? Como confidenciou (o ministro da Economia) Paulo Guedes, os bancos privados n\u00e3o t\u00eam interesse em \u2018perder dinheiro\u2019 com os pequenos. Querem somente ganhar com os grandes. E a prova \u00e9 anunciada pela imprensa todos os dias: os pequenos empres\u00e1rios n\u00e3o conseguem ter acesso ao cr\u00e9dito nos bancos privados, mesmo ap\u00f3s a libera\u00e7\u00e3o de R$ 1,2 trilh\u00e3o para os bancos pelo Banco Central\u201d, explicou.<\/p>\n<p>\u201cO Banco do Brasil exerce papel fundamental para a economia do pa\u00eds e precisa manter seu car\u00e1ter p\u00fablico para continuar exercendo esta tarefa\u201d, concluiu o coordenador da CEBB.<\/p>\n<p><strong>Fonte: Contraf-CUT<\/strong><\/p>\n","protected":false},"excerpt":{"rendered":"<p>Em\u00a0entrevista publicada pelo jornal O Globo\u00a0no domingo (31\/5), o presidente do Banco do Brasil, Rubem Novaes, confirma seu \u201csonho\u201d de privatizar a institui\u00e7\u00e3o e a concord\u00e2ncia do presidente Bolsonaro a realiza\u00e7\u00e3o. Segundo o coordenador da Comiss\u00e3o de Empresa dos Funcion\u00e1rios do Banco do Brasil (CEBB), Jo\u00e3o Fukunaga, o presidente do BB mais uma vez foi [&hellip;]<\/p>\n","protected":false},"author":2,"featured_media":9021,"comment_status":"","ping_status":"","sticky":false,"template":"","format":"standard","meta":{"footnotes":""},"categories":[3],"tags":[],"class_list":["post-9022","post","type-post","status-publish","format-standard","has-post-thumbnail","hentry","category-noticias"],"_links":{"self":[{"href":"https:\/\/hostnetart.com.br\/baixada\/wp-json\/wp\/v2\/posts\/9022","targetHints":{"allow":["GET"]}}],"collection":[{"href":"https:\/\/hostnetart.com.br\/baixada\/wp-json\/wp\/v2\/posts"}],"about":[{"href":"https:\/\/hostnetart.com.br\/baixada\/wp-json\/wp\/v2\/types\/post"}],"author":[{"embeddable":true,"href":"https:\/\/hostnetart.com.br\/baixada\/wp-json\/wp\/v2\/users\/2"}],"replies":[{"embeddable":true,"href":"https:\/\/hostnetart.com.br\/baixada\/wp-json\/wp\/v2\/comments?post=9022"}],"version-history":[{"count":0,"href":"https:\/\/hostnetart.com.br\/baixada\/wp-json\/wp\/v2\/posts\/9022\/revisions"}],"wp:featuredmedia":[{"embeddable":true,"href":"https:\/\/hostnetart.com.br\/baixada\/wp-json\/wp\/v2\/media\/9021"}],"wp:attachment":[{"href":"https:\/\/hostnetart.com.br\/baixada\/wp-json\/wp\/v2\/media?parent=9022"}],"wp:term":[{"taxonomy":"category","embeddable":true,"href":"https:\/\/hostnetart.com.br\/baixada\/wp-json\/wp\/v2\/categories?post=9022"},{"taxonomy":"post_tag","embeddable":true,"href":"https:\/\/hostnetart.com.br\/baixada\/wp-json\/wp\/v2\/tags?post=9022"}],"curies":[{"name":"wp","href":"https:\/\/api.w.org\/{rel}","templated":true}]}}