{"id":9020,"date":"2020-06-03T03:28:52","date_gmt":"2020-06-03T06:28:52","guid":{"rendered":"https:\/\/hostnetart.com.br\/baixada\/brasil-bate-novo-recorde-1-262-mortes-em-24-horas-sao-paulo-lidera-crescimento-da-tragedia\/"},"modified":"2020-06-03T03:28:52","modified_gmt":"2020-06-03T06:28:52","slug":"brasil-bate-novo-recorde-1-262-mortes-em-24-horas-sao-paulo-lidera-crescimento-da-tragedia","status":"publish","type":"post","link":"https:\/\/hostnetart.com.br\/baixada\/brasil-bate-novo-recorde-1-262-mortes-em-24-horas-sao-paulo-lidera-crescimento-da-tragedia\/","title":{"rendered":"Brasil bate novo \u2018recorde\u2019: 1.262 mortes em 24 horas. S\u00e3o Paulo lidera crescimento da trag\u00e9dia"},"content":{"rendered":"<p>No boletim desta ter\u00e7a-feira (2) sobre a situa\u00e7\u00e3o da pandemia de covid-19 no Brasil, o Minist\u00e9rio da Sa\u00fade afirmou que 1.262 novas mortes foram oficialmente registradas em decorr\u00eancia da infec\u00e7\u00e3o nas \u00faltimas 24 horas. \u00c9 o maior n\u00famero de \u00f3bitos contabilizados em um s\u00f3 dia desde a chegada do novo coronav\u00edrus ao pa\u00eds, em fevereiro.<\/p>\n<p>O recorde negativo anterior foi em 21 de maio, com 1.188 mortes em 24 horas. O Brasil totaliza agora 31.199 \u00f3bitos e est\u00e1, na pr\u00e1tica, a um dia de ultrapassar a It\u00e1lia \u2013 com 33.530 \u2013 em n\u00famero de v\u00edtimas. Quando isso ocorrer, o pa\u00eds passar\u00e1 a ser o terceiro do mundo em total de mortos pela covid-19 e ficar\u00e1 atr\u00e1s apenas do Reino Unido (atualmente com 39.451 mortes) e Estados Unidos (104.043).<\/p>\n<p>Em n\u00famero de novos casos registrados, tamb\u00e9m recorde, foram 28.936 de ontem para hoje. Agora o pa\u00eds soma 555.383 casos confirmados. Cerca de 223 mil pessoas contra\u00edram o v\u00edrus, mas se recuperaram da doen\u00e7a.<\/p>\n<h3>\u2018Destino\u2019, diz Bolsonaro<\/h3>\n<p>A diretora da Organiza\u00e7\u00e3o Pan-Americana da Sa\u00fade (Opas) Carissa Etienne alertou hoje que a curva de contamina\u00e7\u00e3o do novo coronav\u00edrus nas Am\u00e9ricas segue em crescimento acentuado e que \u201cos governos deveriam pensar duas vezes\u201d antes de decidir flexibilizar as medidas de isolamento, que seguem sendo a atitude mais eficaz para conter a contamina\u00e7\u00e3o. \u201cPensem duas vezes antes de flexibilizar medidas de distanciamento social. O distanciamento social continua sendo nossa melhor estrat\u00e9gia para conter a propaga\u00e7\u00e3o do v\u00edrus\u201d, declarou a especialista, em entrevista coletiva pela internet.<\/p>\n<p>Por sua vez, ao sair do Pal\u00e1cio do Planalto na manh\u00e3 de hoje, Bolsonaro atendeu ao pedido de uma apoiadora para que dissesse uma mensagem de conforto para as fam\u00edlias em luto pelos seus mortos: \u201cA gente lamenta todos os mortos, mas \u00e9 o destino de todo mundo\u201d, afirmou, sem esbo\u00e7ar nenhuma estrat\u00e9gia para enfrentar a pandemia. Completaram-se 18 dias que o governo n\u00e3o tem ministro da Sa\u00fade, desde a sa\u00edda de Nelson Teich.<\/p>\n<h3>S\u00e3o Paulo<\/h3>\n<p>O estado de S\u00e3o Paulo registrou 327 mortes causadas por coronav\u00edrus nas \u00faltimas 24 horas, o maior n\u00famero em um dia desde o come\u00e7o da pandemia, e acumula 7.994 \u00f3bitos, tamb\u00e9m segundo os dados divulgados pelo Minist\u00e9rio da Sa\u00fade. O n\u00famero de novos casos tamb\u00e9m foi o mais alto da crise de covid-19: 6.999, totalizando 118.295 pessoas contaminadas no estado, que segue sendo o epicentro da doen\u00e7a no pa\u00eds. A taxa de ocupa\u00e7\u00e3o de leitos de UTI \u00e9 de 73,5% no estado e de 85,3% na Grande S\u00e3o Paulo, segundo a Secretaria Estadual de Sa\u00fade.<\/p>\n<p>A expans\u00e3o da contamina\u00e7\u00e3o, na regi\u00e3o metropolitana da capital e tamb\u00e9m no interior e litoral, j\u00e1 era esperada, mas n\u00e3o foi suficiente para fazer o governador Jo\u00e3o Doria (PSDB) desistir de anunciar, na semana passada,\u00a0<a href=\"https:\/\/www.redebrasilatual.com.br\/saude-e-ciencia\/2020\/05\/doria-relaxa-ainda-mais-a-quarentena-e-divide-grande-sao-paulo-em-cinco-regioes\/\" target=\"_blank\" rel=\"noopener noreferrer\">um plano de flexibiliza\u00e7\u00e3o por regi\u00f5es<\/a>, a partir desta segunda-feira (1\u00ba). No primeiro dia da reabertura, o \u00edndice de isolamento foi de 47% no estado e de 49% na capital.<\/p>\n<p><strong>Fonte: Rede Brasil Atual<\/strong><\/p>\n","protected":false},"excerpt":{"rendered":"<p>No boletim desta ter\u00e7a-feira (2) sobre a situa\u00e7\u00e3o da pandemia de covid-19 no Brasil, o Minist\u00e9rio da Sa\u00fade afirmou que 1.262 novas mortes foram oficialmente registradas em decorr\u00eancia da infec\u00e7\u00e3o nas \u00faltimas 24 horas. \u00c9 o maior n\u00famero de \u00f3bitos contabilizados em um s\u00f3 dia desde a chegada do novo coronav\u00edrus ao pa\u00eds, em fevereiro. [&hellip;]<\/p>\n","protected":false},"author":2,"featured_media":9019,"comment_status":"","ping_status":"","sticky":false,"template":"","format":"standard","meta":{"footnotes":""},"categories":[3],"tags":[],"class_list":["post-9020","post","type-post","status-publish","format-standard","has-post-thumbnail","hentry","category-noticias"],"_links":{"self":[{"href":"https:\/\/hostnetart.com.br\/baixada\/wp-json\/wp\/v2\/posts\/9020","targetHints":{"allow":["GET"]}}],"collection":[{"href":"https:\/\/hostnetart.com.br\/baixada\/wp-json\/wp\/v2\/posts"}],"about":[{"href":"https:\/\/hostnetart.com.br\/baixada\/wp-json\/wp\/v2\/types\/post"}],"author":[{"embeddable":true,"href":"https:\/\/hostnetart.com.br\/baixada\/wp-json\/wp\/v2\/users\/2"}],"replies":[{"embeddable":true,"href":"https:\/\/hostnetart.com.br\/baixada\/wp-json\/wp\/v2\/comments?post=9020"}],"version-history":[{"count":0,"href":"https:\/\/hostnetart.com.br\/baixada\/wp-json\/wp\/v2\/posts\/9020\/revisions"}],"wp:featuredmedia":[{"embeddable":true,"href":"https:\/\/hostnetart.com.br\/baixada\/wp-json\/wp\/v2\/media\/9019"}],"wp:attachment":[{"href":"https:\/\/hostnetart.com.br\/baixada\/wp-json\/wp\/v2\/media?parent=9020"}],"wp:term":[{"taxonomy":"category","embeddable":true,"href":"https:\/\/hostnetart.com.br\/baixada\/wp-json\/wp\/v2\/categories?post=9020"},{"taxonomy":"post_tag","embeddable":true,"href":"https:\/\/hostnetart.com.br\/baixada\/wp-json\/wp\/v2\/tags?post=9020"}],"curies":[{"name":"wp","href":"https:\/\/api.w.org\/{rel}","templated":true}]}}