{"id":9016,"date":"2020-06-03T03:25:45","date_gmt":"2020-06-03T06:25:45","guid":{"rendered":"https:\/\/hostnetart.com.br\/baixada\/para-paim-acordo-individual-em-mp-e-uma-forma-de-massacrar-o-trabalhador\/"},"modified":"2020-06-03T03:25:45","modified_gmt":"2020-06-03T06:25:45","slug":"para-paim-acordo-individual-em-mp-e-uma-forma-de-massacrar-o-trabalhador","status":"publish","type":"post","link":"https:\/\/hostnetart.com.br\/baixada\/para-paim-acordo-individual-em-mp-e-uma-forma-de-massacrar-o-trabalhador\/","title":{"rendered":"Para Paim, acordo individual em MP \u00e9 uma forma de \u2018massacrar\u2019 o trabalhador"},"content":{"rendered":"<p>Enquanto um inimigo invis\u00edvel amea\u00e7a e atinge centenas de milhares de pessoas, o pa\u00eds est\u00e1 \u201cbrincando de mocinho e bandido\u201d, lamenta o senador Paulo Paim (PT-RS), apontando a posi\u00e7\u00e3o \u201cextremada\u201d do governo brasileiro, que tem causado sua exclus\u00e3o de f\u00f3runs internacionais. \u201cTemos uma crise grav\u00edssima na sa\u00fade, na economia, no social e tamb\u00e9m, infelizmente, na pol\u00edtica. Ele (<em>Bolsonaro<\/em>) vai para o quarto ministro da Sa\u00fade em \u00e9poca de pandemia\u201d, afirmou, durante debate virtual realizado ontem (1\u00ba) \u00e0 noite.<\/p>\n<p>O evento era para marcar os 10 anos de funda\u00e7\u00e3o da Fitmetal, federa\u00e7\u00e3o interestadual de metal\u00fargicos, vinculada \u00e0\u00a0<a href=\"https:\/\/ctb.org.br\/\" target=\"_blank\" rel=\"noopener noreferrer\">CTB<\/a>. Tamb\u00e9m participaram o economista e professor Marcio Pochmann, da Universidade Estadual de Campinas (Unicamp), e o secret\u00e1rio de rela\u00e7\u00f5es internacionais da central, Nivaldo Santana.<\/p>\n<p>Paim citou casos como a alta incid\u00eancia de covid-19 em frigor\u00edficos de Lageado (SC), a falta de equipamentos de prote\u00e7\u00e3o individual (EPIs) para garis e o crescimento da viol\u00eancia dom\u00e9stica durante a pandemia. E lembrou da tramita\u00e7\u00e3o da Medida Provis\u00f3ria (MP) 936,\u00a0<a href=\"https:\/\/www.redebrasilatual.com.br\/politica\/2020\/05\/camara-aprova-projeto-da-mp-936-mas-governo-impede-mudanca-na-base-de-calculo\/\" target=\"_blank\" rel=\"noopener noreferrer\">aprovada na semana passada na C\u00e2mara<\/a>\u00a0e agora em discuss\u00e3o no Senado. Elogiou o relator, deputado Orlando Silva (PCdoB-SP), que apresentou mudan\u00e7as no texto, mas mostrou preocupa\u00e7\u00e3o com o conte\u00fado da proposta original do governo.<\/p>\n<p>\u201cUma das coisas que me deixa indignado \u00e9 essa hist\u00f3ria do acordo individual\u201d, afirmou o senador, referindo-se \u00e0 possibilidade de redu\u00e7\u00e3o de jornada e sal\u00e1rio por meio de \u201cacordo\u201d direto com o empregador, como permite a medida provis\u00f3ria. \u201c\u00c9 uma forma de massacrar o trabalhador.\u201d Ex-sindicalista metal\u00fargico e um dos fundadores da\u00a0<a href=\"https:\/\/www.cut.org.br\/\" target=\"_blank\" rel=\"noopener noreferrer\">CUT<\/a>, Paim lamenta os ataques de setores \u201catrasados\u201d ao movimento sindical, que \u201ccumpre papel fundamental na rela\u00e7\u00e3o empregado-empregador\u201d.<\/p>\n<h3>Asfixia da democracia<\/h3>\n<p>Pochmann observou que em janeiro a economia brasileira estava 3% menor em compara\u00e7\u00e3o a 2014, enquanto a renda m\u00e9dia diminuiu 7% e o Brasil perdeu 3 milh\u00f5es de postos de trabalho com carteira assinada. O pa\u00eds vive um per\u00edodo de alta da exclus\u00e3o social e do desemprego, al\u00e9m de \u201casfixia da democracia\u201d. Em 40 anos, s\u00e3o praticamente duas d\u00e9cadas perdidas, assinalou.<\/p>\n<p>\u201cO que estamos vivendo \u00e9 uma esp\u00e9cie de desist\u00eancia hist\u00f3rica\u201d, definiu o professor. \u201cA elite n\u00e3o tem projeto de futuro, quer administrar o presente, a emerg\u00eancia\u201d, lamentou. Pochmann tamb\u00e9m citou a reuni\u00e3o ministerial de 22 de abril: \u201cEles n\u00e3o t\u00eam compromisso nenhum com o o futuro\u201d. Mesmo assim, manifestou esperan\u00e7a no sentido de constru\u00e7\u00e3o de um \u201cprojeto civilizat\u00f3rio\u201d para o pa\u00eds. \u201cSer\u00e1 que n\u00e3o podemos reconstruir as bases de uma nova maioria pol\u00edtica?\u201d, questiona.<\/p>\n<p>Nivaldo Santana disse que o Brasil \u00e9 um pa\u00eds de \u201cindustrializa\u00e7\u00e3o tardia\u201d que vive uma desindustrializa\u00e7\u00e3o precoce. Para ele, o \u201csubdesenvolvimento tecnol\u00f3gico\u201d levou n\u00e3o apenas ao desemprego, mas principalmente ao trabalho prec\u00e1rio. \u201cO Brasil tem 17 milh\u00f5es de trabalhadores em aplicativos, plataformas digitais\u201d, afirmou, apontando a presen\u00e7a de um \u201cnovo capataz digital, que fiscaliza o trabalhador 24 horas por dia.\u201d<\/p>\n<p><strong>Fonte: Rede Brasil Atual<\/strong><\/p>\n","protected":false},"excerpt":{"rendered":"<p>Enquanto um inimigo invis\u00edvel amea\u00e7a e atinge centenas de milhares de pessoas, o pa\u00eds est\u00e1 \u201cbrincando de mocinho e bandido\u201d, lamenta o senador Paulo Paim (PT-RS), apontando a posi\u00e7\u00e3o \u201cextremada\u201d do governo brasileiro, que tem causado sua exclus\u00e3o de f\u00f3runs internacionais. \u201cTemos uma crise grav\u00edssima na sa\u00fade, na economia, no social e tamb\u00e9m, infelizmente, na [&hellip;]<\/p>\n","protected":false},"author":2,"featured_media":9015,"comment_status":"","ping_status":"","sticky":false,"template":"","format":"standard","meta":{"footnotes":""},"categories":[3],"tags":[],"class_list":["post-9016","post","type-post","status-publish","format-standard","has-post-thumbnail","hentry","category-noticias"],"_links":{"self":[{"href":"https:\/\/hostnetart.com.br\/baixada\/wp-json\/wp\/v2\/posts\/9016","targetHints":{"allow":["GET"]}}],"collection":[{"href":"https:\/\/hostnetart.com.br\/baixada\/wp-json\/wp\/v2\/posts"}],"about":[{"href":"https:\/\/hostnetart.com.br\/baixada\/wp-json\/wp\/v2\/types\/post"}],"author":[{"embeddable":true,"href":"https:\/\/hostnetart.com.br\/baixada\/wp-json\/wp\/v2\/users\/2"}],"replies":[{"embeddable":true,"href":"https:\/\/hostnetart.com.br\/baixada\/wp-json\/wp\/v2\/comments?post=9016"}],"version-history":[{"count":0,"href":"https:\/\/hostnetart.com.br\/baixada\/wp-json\/wp\/v2\/posts\/9016\/revisions"}],"wp:featuredmedia":[{"embeddable":true,"href":"https:\/\/hostnetart.com.br\/baixada\/wp-json\/wp\/v2\/media\/9015"}],"wp:attachment":[{"href":"https:\/\/hostnetart.com.br\/baixada\/wp-json\/wp\/v2\/media?parent=9016"}],"wp:term":[{"taxonomy":"category","embeddable":true,"href":"https:\/\/hostnetart.com.br\/baixada\/wp-json\/wp\/v2\/categories?post=9016"},{"taxonomy":"post_tag","embeddable":true,"href":"https:\/\/hostnetart.com.br\/baixada\/wp-json\/wp\/v2\/tags?post=9016"}],"curies":[{"name":"wp","href":"https:\/\/api.w.org\/{rel}","templated":true}]}}