{"id":9012,"date":"2020-06-03T03:23:33","date_gmt":"2020-06-03T06:23:33","guid":{"rendered":"https:\/\/hostnetart.com.br\/baixada\/uni-americas-realiza-forum-internacional-de-previdencia-nesta-quinta-4\/"},"modified":"2020-06-03T03:23:33","modified_gmt":"2020-06-03T06:23:33","slug":"uni-americas-realiza-forum-internacional-de-previdencia-nesta-quinta-4","status":"publish","type":"post","link":"https:\/\/hostnetart.com.br\/baixada\/uni-americas-realiza-forum-internacional-de-previdencia-nesta-quinta-4\/","title":{"rendered":"UNI Am\u00e9ricas realiza F\u00f3rum Internacional de Previd\u00eancia nesta quinta (4)"},"content":{"rendered":"<p>A UNI Am\u00e9ricas Finan\u00e7as realiza nesta quinta-feira (4), a partir das 18h, o F\u00f3rum Internacional de Previd\u00eancia em tempos de Covid-19. O evento vai abordar a situa\u00e7\u00e3o atual da seguridade social no Brasil, Uruguai, Argentina, Chile, Peru, Paraguai, Col\u00f4mbia, M\u00e9xico, Costa Rica e El Salvador. A transmiss\u00e3o ser\u00e1 ao vivo na p\u00e1gina da UNI Am\u00e9ricas no Facebook.<\/p>\n<p>A live contar\u00e1 com a participa\u00e7\u00e3o de Jos\u00e9 Ricardo Sasseron, especialista Previdenci\u00e1rio da Contraf-CUT, no Brasil; Luis Mesina Marin, secret\u00e1rio Geral da Confedera\u00e7\u00e3o Banc\u00e1ria do Chile; Claudia Ormachea, secret\u00e1ria Nacional dos Direitos Humanos, G\u00eanero e Igualdade de La Banc\u00e1ria e Deputada da Argentina; Fabio Arias Giraldo, dirigente sindical da Col\u00f4mbia; e Eduardo Larralde, do Conselho de Aposentadorias e Pens\u00f5es Banc\u00e1rias do Uruguai.<\/p>\n<p>Durante o evento, tamb\u00e9m ser\u00e3o discutidos os efeitos combinados da reforma trabalhista, a reforma da Previd\u00eancia patrocinada pelo governo Bolsonaro, a crise econ\u00f4mica e o impacto da pandemia do novo coronav\u00edrus na vida dos trabalhadores. \u201cToda essa situa\u00e7\u00e3o que o pa\u00eds est\u00e1 vivendo mostra ainda mais a import\u00e2ncia da Previd\u00eancia Social para garantir a sobreviv\u00eancia da popula\u00e7\u00e3o e mostra a fal\u00eancia do modelo neoliberal, que procura destruir o papel social do Estado\u201d, afirmou Jos\u00e9 Ricardo Sasseron.<\/p>\n<p>Para assistir a transmiss\u00e3o, basta acessar a p\u00e1gina da UNI Am\u00e9ricas no Facebook (facebook.com\/uniamericas).<\/p>\n<p><strong>Fonte: Contraf-CUT<\/strong><\/p>\n","protected":false},"excerpt":{"rendered":"<p>A UNI Am\u00e9ricas Finan\u00e7as realiza nesta quinta-feira (4), a partir das 18h, o F\u00f3rum Internacional de Previd\u00eancia em tempos de Covid-19. O evento vai abordar a situa\u00e7\u00e3o atual da seguridade social no Brasil, Uruguai, Argentina, Chile, Peru, Paraguai, Col\u00f4mbia, M\u00e9xico, Costa Rica e El Salvador. A transmiss\u00e3o ser\u00e1 ao vivo na p\u00e1gina da UNI Am\u00e9ricas [&hellip;]<\/p>\n","protected":false},"author":2,"featured_media":9011,"comment_status":"","ping_status":"","sticky":false,"template":"","format":"standard","meta":{"footnotes":""},"categories":[3],"tags":[],"class_list":["post-9012","post","type-post","status-publish","format-standard","has-post-thumbnail","hentry","category-noticias"],"_links":{"self":[{"href":"https:\/\/hostnetart.com.br\/baixada\/wp-json\/wp\/v2\/posts\/9012","targetHints":{"allow":["GET"]}}],"collection":[{"href":"https:\/\/hostnetart.com.br\/baixada\/wp-json\/wp\/v2\/posts"}],"about":[{"href":"https:\/\/hostnetart.com.br\/baixada\/wp-json\/wp\/v2\/types\/post"}],"author":[{"embeddable":true,"href":"https:\/\/hostnetart.com.br\/baixada\/wp-json\/wp\/v2\/users\/2"}],"replies":[{"embeddable":true,"href":"https:\/\/hostnetart.com.br\/baixada\/wp-json\/wp\/v2\/comments?post=9012"}],"version-history":[{"count":0,"href":"https:\/\/hostnetart.com.br\/baixada\/wp-json\/wp\/v2\/posts\/9012\/revisions"}],"wp:featuredmedia":[{"embeddable":true,"href":"https:\/\/hostnetart.com.br\/baixada\/wp-json\/wp\/v2\/media\/9011"}],"wp:attachment":[{"href":"https:\/\/hostnetart.com.br\/baixada\/wp-json\/wp\/v2\/media?parent=9012"}],"wp:term":[{"taxonomy":"category","embeddable":true,"href":"https:\/\/hostnetart.com.br\/baixada\/wp-json\/wp\/v2\/categories?post=9012"},{"taxonomy":"post_tag","embeddable":true,"href":"https:\/\/hostnetart.com.br\/baixada\/wp-json\/wp\/v2\/tags?post=9012"}],"curies":[{"name":"wp","href":"https:\/\/api.w.org\/{rel}","templated":true}]}}