{"id":9010,"date":"2020-06-02T18:05:41","date_gmt":"2020-06-02T21:05:41","guid":{"rendered":"https:\/\/hostnetart.com.br\/baixada\/coe-bradesco-se-reune-com-o-banco-na-proxima-quinta-feira-4\/"},"modified":"2020-06-02T18:05:41","modified_gmt":"2020-06-02T21:05:41","slug":"coe-bradesco-se-reune-com-o-banco-na-proxima-quinta-feira-4","status":"publish","type":"post","link":"https:\/\/hostnetart.com.br\/baixada\/coe-bradesco-se-reune-com-o-banco-na-proxima-quinta-feira-4\/","title":{"rendered":"COE Bradesco se re\u00fane com o banco na pr\u00f3xima quinta-feira (4)"},"content":{"rendered":"<p>A Comiss\u00e3o de Organiza\u00e7\u00e3o dos Empregados (COE) do Bradesco se re\u00fane por videoconfer\u00eancia nesta quinta-feira (4), \u00e0s 15h, com a dire\u00e7\u00e3o do banco. Na pauta, o movimento sindical ir\u00e1 cobrar a realiza\u00e7\u00e3o de realiza\u00e7\u00e3o de testes laboratoriais para identificar o Covid-19 em todos os trabalhadores.<\/p>\n<p>A COE Bradesco ir\u00e1 reivindicar ainda o fim da cobran\u00e7a de metas durante a pandemia e pedir explica\u00e7\u00f5es sobre o fechamento de ag\u00eancias. \u201c\u00c9 importante valorizarmos o processo negocial que constru\u00edmos e mantemos durante todo este per\u00edodo. Por isso, vamos buscar este canal oficial para esclarecer as d\u00favidas que sugiram por den\u00fancias dos trabalhadores\u201d, explicou Magaly Fagundes, coordenadora da COE Bradesco.<\/p>\n<p><strong>Fonte: Contraf-CUT<\/strong><\/p>\n","protected":false},"excerpt":{"rendered":"<p>A Comiss\u00e3o de Organiza\u00e7\u00e3o dos Empregados (COE) do Bradesco se re\u00fane por videoconfer\u00eancia nesta quinta-feira (4), \u00e0s 15h, com a dire\u00e7\u00e3o do banco. Na pauta, o movimento sindical ir\u00e1 cobrar a realiza\u00e7\u00e3o de realiza\u00e7\u00e3o de testes laboratoriais para identificar o Covid-19 em todos os trabalhadores. A COE Bradesco ir\u00e1 reivindicar ainda o fim da cobran\u00e7a [&hellip;]<\/p>\n","protected":false},"author":2,"featured_media":9009,"comment_status":"","ping_status":"","sticky":false,"template":"","format":"standard","meta":{"footnotes":""},"categories":[3],"tags":[],"class_list":["post-9010","post","type-post","status-publish","format-standard","has-post-thumbnail","hentry","category-noticias"],"_links":{"self":[{"href":"https:\/\/hostnetart.com.br\/baixada\/wp-json\/wp\/v2\/posts\/9010","targetHints":{"allow":["GET"]}}],"collection":[{"href":"https:\/\/hostnetart.com.br\/baixada\/wp-json\/wp\/v2\/posts"}],"about":[{"href":"https:\/\/hostnetart.com.br\/baixada\/wp-json\/wp\/v2\/types\/post"}],"author":[{"embeddable":true,"href":"https:\/\/hostnetart.com.br\/baixada\/wp-json\/wp\/v2\/users\/2"}],"replies":[{"embeddable":true,"href":"https:\/\/hostnetart.com.br\/baixada\/wp-json\/wp\/v2\/comments?post=9010"}],"version-history":[{"count":0,"href":"https:\/\/hostnetart.com.br\/baixada\/wp-json\/wp\/v2\/posts\/9010\/revisions"}],"wp:featuredmedia":[{"embeddable":true,"href":"https:\/\/hostnetart.com.br\/baixada\/wp-json\/wp\/v2\/media\/9009"}],"wp:attachment":[{"href":"https:\/\/hostnetart.com.br\/baixada\/wp-json\/wp\/v2\/media?parent=9010"}],"wp:term":[{"taxonomy":"category","embeddable":true,"href":"https:\/\/hostnetart.com.br\/baixada\/wp-json\/wp\/v2\/categories?post=9010"},{"taxonomy":"post_tag","embeddable":true,"href":"https:\/\/hostnetart.com.br\/baixada\/wp-json\/wp\/v2\/tags?post=9010"}],"curies":[{"name":"wp","href":"https:\/\/api.w.org\/{rel}","templated":true}]}}